{"id":6988,"date":"2019-11-19T21:05:25","date_gmt":"2019-11-19T20:05:25","guid":{"rendered":"https:\/\/beck-finkbeiner.ch\/?p=6988"},"modified":"2019-11-19T21:10:05","modified_gmt":"2019-11-19T20:10:05","slug":"__trashed","status":"publish","type":"post","link":"https:\/\/beck-finkbeiner.ch\/?p=6988","title":{"rendered":"Gr\u00e4ttimannen &#038; Weihnachtsguetsli"},"content":{"rendered":"\n<p class=\"wp-block-paragraph\">Die Weihnachtszeit naht, die ersten Gr\u00e4ttimannen werden bei uns gebacken, die Produktion der Weihnachtsguetsli ist im vollem Gange und die Geschenkschachteln mit feinen hausgemachten Pralinen sind im weihn\u00e4chtlich dekorierten Laden parat.<\/p>\n\n\n\n<p class=\"wp-block-paragraph\">Kommen Sie vorbei. Wir freuen uns auf Ihren Besuch.<\/p>\n\n\n\n<p class=\"wp-block-paragraph\">Ihr Finki-Team<\/p>\n\n\n\n<figure class=\"wp-block-image\"><img loading=\"lazy\" decoding=\"async\" width=\"2405\" height=\"1597\" data-attachment-id=\"6989\" data-permalink=\"https:\/\/beck-finkbeiner.ch\/?attachment_id=6989\" data-orig-file=\"https:\/\/i0.wp.com\/beck-finkbeiner.ch\/wp-content\/uploads\/2019\/11\/Weihnachtskonfekt-001.jpg?fit=2405%2C1597&amp;ssl=1\" data-orig-size=\"2405,1597\" data-comments-opened=\"0\" data-image-meta=\"{&quot;aperture&quot;:&quot;0&quot;,&quot;credit&quot;:&quot;&quot;,&quot;camera&quot;:&quot;&quot;,&quot;caption&quot;:&quot;&quot;,&quot;created_timestamp&quot;:&quot;0&quot;,&quot;copyright&quot;:&quot;&quot;,&quot;focal_length&quot;:&quot;0&quot;,&quot;iso&quot;:&quot;0&quot;,&quot;shutter_speed&quot;:&quot;0&quot;,&quot;title&quot;:&quot;&quot;,&quot;orientation&quot;:&quot;0&quot;}\" data-image-title=\"Weihnachtskonfekt-001\" data-image-description=\"\" data-image-caption=\"\" data-large-file=\"https:\/\/i0.wp.com\/beck-finkbeiner.ch\/wp-content\/uploads\/2019\/11\/Weihnachtskonfekt-001.jpg?fit=980%2C651&amp;ssl=1\" src=\"https:\/\/i1.wp.com\/beck-finkbeiner.ch\/wp-content\/uploads\/2019\/11\/Weihnachtskonfekt-001.jpg?fit=584%2C388&amp;ssl=1\" alt=\"\" class=\"wp-image-6989\" srcset=\"https:\/\/i0.wp.com\/beck-finkbeiner.ch\/wp-content\/uploads\/2019\/11\/Weihnachtskonfekt-001.jpg?w=2405&amp;ssl=1 2405w, https:\/\/i0.wp.com\/beck-finkbeiner.ch\/wp-content\/uploads\/2019\/11\/Weihnachtskonfekt-001.jpg?resize=300%2C199&amp;ssl=1 300w, https:\/\/i0.wp.com\/beck-finkbeiner.ch\/wp-content\/uploads\/2019\/11\/Weihnachtskonfekt-001.jpg?resize=768%2C510&amp;ssl=1 768w, https:\/\/i0.wp.com\/beck-finkbeiner.ch\/wp-content\/uploads\/2019\/11\/Weihnachtskonfekt-001.jpg?resize=1024%2C680&amp;ssl=1 1024w, https:\/\/i0.wp.com\/beck-finkbeiner.ch\/wp-content\/uploads\/2019\/11\/Weihnachtskonfekt-001.jpg?resize=452%2C300&amp;ssl=1 452w, https:\/\/i0.wp.com\/beck-finkbeiner.ch\/wp-content\/uploads\/2019\/11\/Weihnachtskonfekt-001.jpg?w=1960&amp;ssl=1 1960w\" sizes=\"auto, (max-width: 980px) 100vw, 980px\" \/><\/figure>\n","protected":false},"excerpt":{"rendered":"<p>Die Weihnachtszeit naht, die ersten Gr\u00e4ttimannen werden bei uns gebacken, die Produktion der Weihnachtsguetsli ist im vollem Gange und die Geschenkschachteln mit feinen hausgemachten Pralinen sind im weihn\u00e4chtlich dekorierten Laden parat. Kommen Sie vorbei. Wir freuen uns auf Ihren Besuch. Ihr Finki-Team<\/p>\n","protected":false},"author":1,"featured_media":6989,"comment_status":"closed","ping_status":"closed","sticky":false,"template":"","format":"standard","meta":{"_acf_changed":false,"_crdt_document":"","ngg_post_thumbnail":0,"jetpack_post_was_ever_published":false,"_jetpack_newsletter_access":"","_jetpack_dont_email_post_to_subs":false,"_jetpack_newsletter_tier_id":0,"_jetpack_memberships_contains_paywalled_content":false,"_jetpack_memberships_contains_paid_content":false,"footnotes":"","jetpack_publicize_message":"","jetpack_publicize_feature_enabled":true,"jetpack_social_post_already_shared":true,"jetpack_social_options":{"image_generator_settings":{"template":"highway","default_image_id":0,"font":"","enabled":false},"version":2}},"categories":[6],"tags":[],"class_list":["post-6988","post","type-post","status-publish","format-standard","has-post-thumbnail","hentry","category-anlaesse"],"acf":[],"jetpack_publicize_connections":[],"jetpack_featured_media_url":"https:\/\/i0.wp.com\/beck-finkbeiner.ch\/wp-content\/uploads\/2019\/11\/Weihnachtskonfekt-001.jpg?fit=2405%2C1597&ssl=1","jetpack_sharing_enabled":true,"jetpack_shortlink":"https:\/\/wp.me\/p7b9YP-1OI","jetpack-related-posts":[{"id":1114,"url":"https:\/\/beck-finkbeiner.ch\/?p=1114","url_meta":{"origin":6988,"position":0},"title":"Die Gr\u00e4timannen sind da","author":"Andi Finkbeiner","date":"23. November 2014","format":false,"excerpt":"bei uns hat es wieder Gr\u00e4ttimannen in verschiedenen Gr\u00f6ssen.","rel":"","context":"In &quot;Allgemein&quot;","block_context":{"text":"Allgemein","link":"https:\/\/beck-finkbeiner.ch\/?cat=1"},"img":{"alt_text":"Gr\u00e4tti","src":"https:\/\/i0.wp.com\/beck-finkbeiner.ch\/wp-content\/uploads\/2013\/10\/Gr%C3%A4tti-300x169.jpg?resize=350%2C200","width":350,"height":200},"classes":[]},{"id":2684,"url":"https:\/\/beck-finkbeiner.ch\/?p=2684","url_meta":{"origin":6988,"position":1},"title":"Die Gr\u00e4ttimannen sind da&#8230;","author":"Andi Finkbeiner","date":"7. November 2017","format":false,"excerpt":"Ab sofort starten wir mit den s\u00fcssen Gr\u00e4ttimannen in die Gr\u00e4ttisaison.","rel":"","context":"In &quot;Allgemein&quot;","block_context":{"text":"Allgemein","link":"https:\/\/beck-finkbeiner.ch\/?cat=1"},"img":{"alt_text":"","src":"https:\/\/i0.wp.com\/beck-finkbeiner.ch\/wp-content\/uploads\/2017\/11\/imag10731736639888.jpg?resize=350%2C200&ssl=1","width":350,"height":200,"srcset":"https:\/\/i0.wp.com\/beck-finkbeiner.ch\/wp-content\/uploads\/2017\/11\/imag10731736639888.jpg?resize=350%2C200&ssl=1 1x, https:\/\/i0.wp.com\/beck-finkbeiner.ch\/wp-content\/uploads\/2017\/11\/imag10731736639888.jpg?resize=525%2C300&ssl=1 1.5x, https:\/\/i0.wp.com\/beck-finkbeiner.ch\/wp-content\/uploads\/2017\/11\/imag10731736639888.jpg?resize=700%2C400&ssl=1 2x, https:\/\/i0.wp.com\/beck-finkbeiner.ch\/wp-content\/uploads\/2017\/11\/imag10731736639888.jpg?resize=1050%2C600&ssl=1 3x, https:\/\/i0.wp.com\/beck-finkbeiner.ch\/wp-content\/uploads\/2017\/11\/imag10731736639888.jpg?resize=1400%2C800&ssl=1 4x"},"classes":[]},{"id":11554,"url":"https:\/\/beck-finkbeiner.ch\/?p=11554","url_meta":{"origin":6988,"position":2},"title":"Gr\u00e4ttimannen","author":"Andi Finkbeiner","date":"5. November 2021","format":false,"excerpt":"Ab Montag 8. November beginnen wir wieder mit unseren Gr\u00e4ttimannen.Wir backen die S\u00fcssen f\u00fcr Fr. 2.80 und anstelle der Schoggiweggli, Schoggi-Gr\u00e4tti f\u00fcr Fr. 3.90.","rel":"","context":"In &quot;B\u00e4ckerei&quot;","block_context":{"text":"B\u00e4ckerei","link":"https:\/\/beck-finkbeiner.ch\/?cat=123"},"img":{"alt_text":"","src":"https:\/\/i0.wp.com\/beck-finkbeiner.ch\/wp-content\/uploads\/2020\/11\/Graettimanne-e1636130575704.jpg?fit=1200%2C1134&ssl=1&resize=350%2C200","width":350,"height":200,"srcset":"https:\/\/i0.wp.com\/beck-finkbeiner.ch\/wp-content\/uploads\/2020\/11\/Graettimanne-e1636130575704.jpg?fit=1200%2C1134&ssl=1&resize=350%2C200 1x, https:\/\/i0.wp.com\/beck-finkbeiner.ch\/wp-content\/uploads\/2020\/11\/Graettimanne-e1636130575704.jpg?fit=1200%2C1134&ssl=1&resize=525%2C300 1.5x, https:\/\/i0.wp.com\/beck-finkbeiner.ch\/wp-content\/uploads\/2020\/11\/Graettimanne-e1636130575704.jpg?fit=1200%2C1134&ssl=1&resize=700%2C400 2x, https:\/\/i0.wp.com\/beck-finkbeiner.ch\/wp-content\/uploads\/2020\/11\/Graettimanne-e1636130575704.jpg?fit=1200%2C1134&ssl=1&resize=1050%2C600 3x"},"classes":[]},{"id":12508,"url":"https:\/\/beck-finkbeiner.ch\/?p=12508","url_meta":{"origin":6988,"position":3},"title":"Gr\u00e4ttimannen","author":"Andi Finkbeiner","date":"6. Dezember 2023","format":false,"excerpt":"https:\/\/www.instagram.com\/p\/C0gjn34tneF\/?utm_source=ig_web_copy_link","rel":"","context":"In &quot;Anl\u00e4sse&quot;","block_context":{"text":"Anl\u00e4sse","link":"https:\/\/beck-finkbeiner.ch\/?cat=6"},"img":{"alt_text":"","src":"","width":0,"height":0},"classes":[]},{"id":2701,"url":"https:\/\/beck-finkbeiner.ch\/?p=2701","url_meta":{"origin":6988,"position":4},"title":"Samichlaustag","author":"Andi Finkbeiner","date":"6. Dezember 2017","format":false,"excerpt":"Zum Samichlaustag haben wir f\u00fcr euch Gr\u00e4ttimannen in vielen verschiedenen gr\u00f6ssen gebacken.","rel":"","context":"In &quot;Aktion&quot;","block_context":{"text":"Aktion","link":"https:\/\/beck-finkbeiner.ch\/?cat=5"},"img":{"alt_text":"","src":"https:\/\/i0.wp.com\/beck-finkbeiner.ch\/wp-content\/uploads\/2017\/12\/IMAG1121.jpg?fit=672%2C1200&ssl=1&resize=350%2C200","width":350,"height":200,"srcset":"https:\/\/i0.wp.com\/beck-finkbeiner.ch\/wp-content\/uploads\/2017\/12\/IMAG1121.jpg?fit=672%2C1200&ssl=1&resize=350%2C200 1x, https:\/\/i0.wp.com\/beck-finkbeiner.ch\/wp-content\/uploads\/2017\/12\/IMAG1121.jpg?fit=672%2C1200&ssl=1&resize=525%2C300 1.5x"},"classes":[]},{"id":1192,"url":"https:\/\/beck-finkbeiner.ch\/?p=1192","url_meta":{"origin":6988,"position":5},"title":"Kundeninfo","author":"Andi Finkbeiner","date":"19. Juni 2015","format":false,"excerpt":"Aufgrund des schlechten Wetters letztes Jahr ist Getreidequalit\u00e4t der Ernte 2014 ziemlich schlecht ausgefallen, das ist der Hauptgrund, dass wir die Mehl - Lieferungen nicht in der Qualit\u00e4t beziehen k\u00f6nnen, die unseren Erwartungen entsprechen. Die M\u00fchlen halten ihre Getreidevorr\u00e4te so, dass sie, wenn eine schlechte Ernte reinkommt, noch m\u00f6glichst lange\u2026","rel":"","context":"In &quot;Allgemein&quot;","block_context":{"text":"Allgemein","link":"https:\/\/beck-finkbeiner.ch\/?cat=1"},"img":{"alt_text":"","src":"","width":0,"height":0},"classes":[]}],"jetpack_likes_enabled":false,"_links":{"self":[{"href":"https:\/\/beck-finkbeiner.ch\/index.php?rest_route=\/wp\/v2\/posts\/6988","targetHints":{"allow":["GET"]}}],"collection":[{"href":"https:\/\/beck-finkbeiner.ch\/index.php?rest_route=\/wp\/v2\/posts"}],"about":[{"href":"https:\/\/beck-finkbeiner.ch\/index.php?rest_route=\/wp\/v2\/types\/post"}],"author":[{"embeddable":true,"href":"https:\/\/beck-finkbeiner.ch\/index.php?rest_route=\/wp\/v2\/users\/1"}],"replies":[{"embeddable":true,"href":"https:\/\/beck-finkbeiner.ch\/index.php?rest_route=%2Fwp%2Fv2%2Fcomments&post=6988"}],"version-history":[{"count":5,"href":"https:\/\/beck-finkbeiner.ch\/index.php?rest_route=\/wp\/v2\/posts\/6988\/revisions"}],"predecessor-version":[{"id":6994,"href":"https:\/\/beck-finkbeiner.ch\/index.php?rest_route=\/wp\/v2\/posts\/6988\/revisions\/6994"}],"wp:featuredmedia":[{"embeddable":true,"href":"https:\/\/beck-finkbeiner.ch\/index.php?rest_route=\/wp\/v2\/media\/6989"}],"wp:attachment":[{"href":"https:\/\/beck-finkbeiner.ch\/index.php?rest_route=%2Fwp%2Fv2%2Fmedia&parent=6988"}],"wp:term":[{"taxonomy":"category","embeddable":true,"href":"https:\/\/beck-finkbeiner.ch\/index.php?rest_route=%2Fwp%2Fv2%2Fcategories&post=6988"},{"taxonomy":"post_tag","embeddable":true,"href":"https:\/\/beck-finkbeiner.ch\/index.php?rest_route=%2Fwp%2Fv2%2Ftags&post=6988"}],"curies":[{"name":"wp","href":"https:\/\/api.w.org\/{rel}","templated":true}]}}