{"id":6855,"date":"2019-11-14T11:11:43","date_gmt":"2019-11-14T10:11:43","guid":{"rendered":"https:\/\/beck-finkbeiner.ch\/?p=6855"},"modified":"2019-11-14T11:11:43","modified_gmt":"2019-11-14T10:11:43","slug":"tageshit-am-samstag-16-november","status":"publish","type":"post","link":"https:\/\/beck-finkbeiner.ch\/?p=6855","title":{"rendered":"Tageshit am Samstag 16. November"},"content":{"rendered":"\n<p class=\"wp-block-paragraph\">Am Samstag haben wir gluschtige Himbeergugelh\u00f6pfli als unseren Tages-Hit. F\u00fcr Fr. 1.80 statt Fr.2.20. <\/p>\n\n\n\n<figure class=\"wp-block-image\"><img data-recalc-dims=\"1\" loading=\"lazy\" decoding=\"async\" width=\"980\" height=\"980\" data-attachment-id=\"3565\" data-permalink=\"https:\/\/beck-finkbeiner.ch\/?attachment_id=3565\" data-orig-file=\"https:\/\/i0.wp.com\/beck-finkbeiner.ch\/wp-content\/uploads\/2019\/07\/Himbeergugelh%C3%B6pfli-insta.png?fit=2239%2C2238&amp;ssl=1\" data-orig-size=\"2239,2238\" data-comments-opened=\"0\" data-image-meta=\"{&quot;aperture&quot;:&quot;0&quot;,&quot;credit&quot;:&quot;&quot;,&quot;camera&quot;:&quot;&quot;,&quot;caption&quot;:&quot;&quot;,&quot;created_timestamp&quot;:&quot;0&quot;,&quot;copyright&quot;:&quot;&quot;,&quot;focal_length&quot;:&quot;0&quot;,&quot;iso&quot;:&quot;0&quot;,&quot;shutter_speed&quot;:&quot;0&quot;,&quot;title&quot;:&quot;&quot;,&quot;orientation&quot;:&quot;0&quot;}\" data-image-title=\"Himbeergugelh\u00f6pfli-insta\" data-image-description=\"\" data-image-caption=\"\" data-large-file=\"https:\/\/i0.wp.com\/beck-finkbeiner.ch\/wp-content\/uploads\/2019\/07\/Himbeergugelh%C3%B6pfli-insta.png?fit=980%2C980&amp;ssl=1\" src=\"https:\/\/i0.wp.com\/beck-finkbeiner.ch\/wp-content\/uploads\/2019\/07\/Himbeergugelh%C3%B6pfli-insta.png?resize=980%2C980&#038;ssl=1\" alt=\"\" class=\"wp-image-3565\" srcset=\"https:\/\/i0.wp.com\/beck-finkbeiner.ch\/wp-content\/uploads\/2019\/07\/Himbeergugelh%C3%B6pfli-insta.png?resize=1024%2C1024&amp;ssl=1 1024w, https:\/\/i0.wp.com\/beck-finkbeiner.ch\/wp-content\/uploads\/2019\/07\/Himbeergugelh%C3%B6pfli-insta.png?resize=150%2C150&amp;ssl=1 150w, https:\/\/i0.wp.com\/beck-finkbeiner.ch\/wp-content\/uploads\/2019\/07\/Himbeergugelh%C3%B6pfli-insta.png?resize=300%2C300&amp;ssl=1 300w, https:\/\/i0.wp.com\/beck-finkbeiner.ch\/wp-content\/uploads\/2019\/07\/Himbeergugelh%C3%B6pfli-insta.png?resize=768%2C768&amp;ssl=1 768w, https:\/\/i0.wp.com\/beck-finkbeiner.ch\/wp-content\/uploads\/2019\/07\/Himbeergugelh%C3%B6pfli-insta.png?resize=100%2C100&amp;ssl=1 100w, https:\/\/i0.wp.com\/beck-finkbeiner.ch\/wp-content\/uploads\/2019\/07\/Himbeergugelh%C3%B6pfli-insta.png?w=1960&amp;ssl=1 1960w\" sizes=\"auto, (max-width: 980px) 100vw, 980px\" \/><\/figure>\n","protected":false},"excerpt":{"rendered":"<p>Am Samstag haben wir gluschtige Himbeergugelh\u00f6pfli als unseren Tages-Hit. F\u00fcr Fr. 1.80 statt Fr.2.20.<\/p>\n","protected":false},"author":1,"featured_media":3565,"comment_status":"closed","ping_status":"closed","sticky":false,"template":"","format":"standard","meta":{"_acf_changed":false,"_crdt_document":"","ngg_post_thumbnail":0,"jetpack_post_was_ever_published":false,"_jetpack_newsletter_access":"","_jetpack_dont_email_post_to_subs":false,"_jetpack_newsletter_tier_id":0,"_jetpack_memberships_contains_paywalled_content":false,"_jetpack_memberships_contains_paid_content":false,"footnotes":"","jetpack_publicize_message":"","jetpack_publicize_feature_enabled":true,"jetpack_social_post_already_shared":true,"jetpack_social_options":{"image_generator_settings":{"template":"highway","default_image_id":0,"font":"","enabled":false},"version":2}},"categories":[5],"tags":[],"class_list":["post-6855","post","type-post","status-publish","format-standard","has-post-thumbnail","hentry","category-aktion"],"acf":[],"jetpack_publicize_connections":[],"jetpack_featured_media_url":"https:\/\/i0.wp.com\/beck-finkbeiner.ch\/wp-content\/uploads\/2019\/07\/Himbeergugelh%C3%B6pfli-insta.png?fit=2239%2C2238&ssl=1","jetpack_sharing_enabled":true,"jetpack_shortlink":"https:\/\/wp.me\/p7b9YP-1Mz","jetpack-related-posts":[{"id":8700,"url":"https:\/\/beck-finkbeiner.ch\/?p=8700","url_meta":{"origin":6855,"position":0},"title":"Unser Tageshit am Samstag 18. Januar","author":"Andi Finkbeiner","date":"17. Januar 2020","format":false,"excerpt":"Morgen Samstag haben wir fruchtige Himbeerschnitten als unseren Tageshit, f\u00fcr Fr. 3.30 statt Fr. 3.90.","rel":"","context":"In &quot;Aktion&quot;","block_context":{"text":"Aktion","link":"https:\/\/beck-finkbeiner.ch\/?cat=5"},"img":{"alt_text":"","src":"https:\/\/i0.wp.com\/beck-finkbeiner.ch\/wp-content\/uploads\/2020\/01\/Himbeerschnitte-insta.jpg?fit=560%2C560&ssl=1&resize=350%2C200","width":350,"height":200,"srcset":"https:\/\/i0.wp.com\/beck-finkbeiner.ch\/wp-content\/uploads\/2020\/01\/Himbeerschnitte-insta.jpg?fit=560%2C560&ssl=1&resize=350%2C200 1x, https:\/\/i0.wp.com\/beck-finkbeiner.ch\/wp-content\/uploads\/2020\/01\/Himbeerschnitte-insta.jpg?fit=560%2C560&ssl=1&resize=525%2C300 1.5x"},"classes":[]},{"id":8876,"url":"https:\/\/beck-finkbeiner.ch\/?p=8876","url_meta":{"origin":6855,"position":1},"title":"Unser Tageshit am Samstag, 25. Januar","author":"Andi Finkbeiner","date":"24. Januar 2020","format":false,"excerpt":"An diesem Samstag haben wir wieder unsere Cremeschnitten als Tageshit.","rel":"","context":"In &quot;Aktion&quot;","block_context":{"text":"Aktion","link":"https:\/\/beck-finkbeiner.ch\/?cat=5"},"img":{"alt_text":"Cremeschnitte","src":"https:\/\/i0.wp.com\/beck-finkbeiner.ch\/wp-content\/uploads\/2020\/01\/Cremeschnitten-insta-1.png?fit=1196%2C1200&ssl=1&resize=350%2C200","width":350,"height":200,"srcset":"https:\/\/i0.wp.com\/beck-finkbeiner.ch\/wp-content\/uploads\/2020\/01\/Cremeschnitten-insta-1.png?fit=1196%2C1200&ssl=1&resize=350%2C200 1x, https:\/\/i0.wp.com\/beck-finkbeiner.ch\/wp-content\/uploads\/2020\/01\/Cremeschnitten-insta-1.png?fit=1196%2C1200&ssl=1&resize=525%2C300 1.5x, https:\/\/i0.wp.com\/beck-finkbeiner.ch\/wp-content\/uploads\/2020\/01\/Cremeschnitten-insta-1.png?fit=1196%2C1200&ssl=1&resize=700%2C400 2x, https:\/\/i0.wp.com\/beck-finkbeiner.ch\/wp-content\/uploads\/2020\/01\/Cremeschnitten-insta-1.png?fit=1196%2C1200&ssl=1&resize=1050%2C600 3x"},"classes":[]},{"id":9225,"url":"https:\/\/beck-finkbeiner.ch\/?p=9225","url_meta":{"origin":6855,"position":2},"title":"Tagshit am Samstag 8. Februar","author":"Andi Finkbeiner","date":"6. Februar 2020","format":false,"excerpt":"Unser Tageshit am Samstag","rel":"","context":"In &quot;Aktion&quot;","block_context":{"text":"Aktion","link":"https:\/\/beck-finkbeiner.ch\/?cat=5"},"img":{"alt_text":"","src":"https:\/\/i0.wp.com\/beck-finkbeiner.ch\/wp-content\/uploads\/2020\/02\/Cornet-insta-scaled.jpg?fit=1197%2C1200&ssl=1&resize=350%2C200","width":350,"height":200,"srcset":"https:\/\/i0.wp.com\/beck-finkbeiner.ch\/wp-content\/uploads\/2020\/02\/Cornet-insta-scaled.jpg?fit=1197%2C1200&ssl=1&resize=350%2C200 1x, https:\/\/i0.wp.com\/beck-finkbeiner.ch\/wp-content\/uploads\/2020\/02\/Cornet-insta-scaled.jpg?fit=1197%2C1200&ssl=1&resize=525%2C300 1.5x, https:\/\/i0.wp.com\/beck-finkbeiner.ch\/wp-content\/uploads\/2020\/02\/Cornet-insta-scaled.jpg?fit=1197%2C1200&ssl=1&resize=700%2C400 2x, https:\/\/i0.wp.com\/beck-finkbeiner.ch\/wp-content\/uploads\/2020\/02\/Cornet-insta-scaled.jpg?fit=1197%2C1200&ssl=1&resize=1050%2C600 3x"},"classes":[]},{"id":9750,"url":"https:\/\/beck-finkbeiner.ch\/?p=9750","url_meta":{"origin":6855,"position":3},"title":"Tageshit am Samstag den 29. Februar","author":"Andi Finkbeiner","date":"27. Februar 2020","format":false,"excerpt":"Zur Fasnacht haben wir wir unsere Schenkeli statt f\u00fcr Fr. 1.70 f\u00fcr Fr. 1.50 und mit den Fasten- Ch\u00e4s und Zwiebelwaien, k\u00f6nnen Sie sich in Fasnachtsstimmung bringen.","rel":"","context":"In &quot;Aktion&quot;","block_context":{"text":"Aktion","link":"https:\/\/beck-finkbeiner.ch\/?cat=5"},"img":{"alt_text":"","src":"https:\/\/i0.wp.com\/beck-finkbeiner.ch\/wp-content\/uploads\/2020\/02\/Schenkeli3.jpg?fit=900%2C1200&ssl=1&resize=350%2C200","width":350,"height":200,"srcset":"https:\/\/i0.wp.com\/beck-finkbeiner.ch\/wp-content\/uploads\/2020\/02\/Schenkeli3.jpg?fit=900%2C1200&ssl=1&resize=350%2C200 1x, https:\/\/i0.wp.com\/beck-finkbeiner.ch\/wp-content\/uploads\/2020\/02\/Schenkeli3.jpg?fit=900%2C1200&ssl=1&resize=525%2C300 1.5x, https:\/\/i0.wp.com\/beck-finkbeiner.ch\/wp-content\/uploads\/2020\/02\/Schenkeli3.jpg?fit=900%2C1200&ssl=1&resize=700%2C400 2x"},"classes":[]},{"id":5801,"url":"https:\/\/beck-finkbeiner.ch\/?p=5801","url_meta":{"origin":6855,"position":4},"title":"Tageshit am Samstag 5. Oktober","author":"Andi Finkbeiner","date":"4. Oktober 2019","format":false,"excerpt":"Am Samschtig gits wieder e mol feini Cremschnitte als Tageshit. Statt Fr. 3.40 f\u00fcr 2.90!","rel":"","context":"In &quot;Aktion&quot;","block_context":{"text":"Aktion","link":"https:\/\/beck-finkbeiner.ch\/?cat=5"},"img":{"alt_text":"","src":"https:\/\/i0.wp.com\/beck-finkbeiner.ch\/wp-content\/uploads\/2019\/10\/Cremeschnitten-tv1.jpg?fit=677%2C1200&ssl=1&resize=350%2C200","width":350,"height":200,"srcset":"https:\/\/i0.wp.com\/beck-finkbeiner.ch\/wp-content\/uploads\/2019\/10\/Cremeschnitten-tv1.jpg?fit=677%2C1200&ssl=1&resize=350%2C200 1x, https:\/\/i0.wp.com\/beck-finkbeiner.ch\/wp-content\/uploads\/2019\/10\/Cremeschnitten-tv1.jpg?fit=677%2C1200&ssl=1&resize=525%2C300 1.5x"},"classes":[]},{"id":5389,"url":"https:\/\/beck-finkbeiner.ch\/?p=5389","url_meta":{"origin":6855,"position":5},"title":"Tageshit am Samstag 21. September","author":"Andi Finkbeiner","date":"20. September 2019","format":false,"excerpt":"Der Herbst kommt und somit auch die Vermicelles, unser Tageshit darum Vermicelles f\u00fcr Fr. 3.80 statt Fr. 4.50","rel":"","context":"In &quot;Aktion&quot;","block_context":{"text":"Aktion","link":"https:\/\/beck-finkbeiner.ch\/?cat=5"},"img":{"alt_text":"","src":"https:\/\/i0.wp.com\/beck-finkbeiner.ch\/wp-content\/uploads\/2019\/09\/Vermicelles-insta.jpg?fit=1200%2C1200&ssl=1&resize=350%2C200","width":350,"height":200,"srcset":"https:\/\/i0.wp.com\/beck-finkbeiner.ch\/wp-content\/uploads\/2019\/09\/Vermicelles-insta.jpg?fit=1200%2C1200&ssl=1&resize=350%2C200 1x, https:\/\/i0.wp.com\/beck-finkbeiner.ch\/wp-content\/uploads\/2019\/09\/Vermicelles-insta.jpg?fit=1200%2C1200&ssl=1&resize=525%2C300 1.5x, https:\/\/i0.wp.com\/beck-finkbeiner.ch\/wp-content\/uploads\/2019\/09\/Vermicelles-insta.jpg?fit=1200%2C1200&ssl=1&resize=700%2C400 2x, https:\/\/i0.wp.com\/beck-finkbeiner.ch\/wp-content\/uploads\/2019\/09\/Vermicelles-insta.jpg?fit=1200%2C1200&ssl=1&resize=1050%2C600 3x"},"classes":[]}],"jetpack_likes_enabled":false,"_links":{"self":[{"href":"https:\/\/beck-finkbeiner.ch\/index.php?rest_route=\/wp\/v2\/posts\/6855","targetHints":{"allow":["GET"]}}],"collection":[{"href":"https:\/\/beck-finkbeiner.ch\/index.php?rest_route=\/wp\/v2\/posts"}],"about":[{"href":"https:\/\/beck-finkbeiner.ch\/index.php?rest_route=\/wp\/v2\/types\/post"}],"author":[{"embeddable":true,"href":"https:\/\/beck-finkbeiner.ch\/index.php?rest_route=\/wp\/v2\/users\/1"}],"replies":[{"embeddable":true,"href":"https:\/\/beck-finkbeiner.ch\/index.php?rest_route=%2Fwp%2Fv2%2Fcomments&post=6855"}],"version-history":[{"count":1,"href":"https:\/\/beck-finkbeiner.ch\/index.php?rest_route=\/wp\/v2\/posts\/6855\/revisions"}],"predecessor-version":[{"id":6857,"href":"https:\/\/beck-finkbeiner.ch\/index.php?rest_route=\/wp\/v2\/posts\/6855\/revisions\/6857"}],"wp:featuredmedia":[{"embeddable":true,"href":"https:\/\/beck-finkbeiner.ch\/index.php?rest_route=\/wp\/v2\/media\/3565"}],"wp:attachment":[{"href":"https:\/\/beck-finkbeiner.ch\/index.php?rest_route=%2Fwp%2Fv2%2Fmedia&parent=6855"}],"wp:term":[{"taxonomy":"category","embeddable":true,"href":"https:\/\/beck-finkbeiner.ch\/index.php?rest_route=%2Fwp%2Fv2%2Fcategories&post=6855"},{"taxonomy":"post_tag","embeddable":true,"href":"https:\/\/beck-finkbeiner.ch\/index.php?rest_route=%2Fwp%2Fv2%2Ftags&post=6855"}],"curies":[{"name":"wp","href":"https:\/\/api.w.org\/{rel}","templated":true}]}}