{"id":5673,"date":"2019-09-30T07:00:25","date_gmt":"2019-09-30T06:00:25","guid":{"rendered":"https:\/\/beck-finkbeiner.ch\/?p=5673"},"modified":"2019-09-29T14:05:38","modified_gmt":"2019-09-29T13:05:38","slug":"jetzt-noch-ein-glace","status":"publish","type":"post","link":"https:\/\/beck-finkbeiner.ch\/?p=5673","title":{"rendered":"Jetzt noch ein Glace"},"content":{"rendered":"\n<p class=\"wp-block-paragraph\">Geniessen sie das warme Wetter noch mit einer hausgemachten Glace von uns. Bei uns bekommen Sie f\u00fcr 3 St\u00fcck zum Preis von 2!<\/p>\n\n\n\n<figure class=\"wp-block-image\"><img data-recalc-dims=\"1\" loading=\"lazy\" decoding=\"async\" width=\"560\" height=\"800\" data-attachment-id=\"5674\" data-permalink=\"https:\/\/beck-finkbeiner.ch\/?attachment_id=5674\" data-orig-file=\"https:\/\/i0.wp.com\/beck-finkbeiner.ch\/wp-content\/uploads\/2019\/09\/Glacebecher-klein-aktion.jpg?fit=560%2C800&amp;ssl=1\" data-orig-size=\"560,800\" data-comments-opened=\"0\" data-image-meta=\"{&quot;aperture&quot;:&quot;1.8&quot;,&quot;credit&quot;:&quot;&quot;,&quot;camera&quot;:&quot;HTC 10&quot;,&quot;caption&quot;:&quot;&quot;,&quot;created_timestamp&quot;:&quot;1561460336&quot;,&quot;copyright&quot;:&quot;&quot;,&quot;focal_length&quot;:&quot;4.58&quot;,&quot;iso&quot;:&quot;100&quot;,&quot;shutter_speed&quot;:&quot;0.0063291139240506&quot;,&quot;title&quot;:&quot;&quot;,&quot;orientation&quot;:&quot;1&quot;}\" data-image-title=\"Glacebecher-klein-aktion\" data-image-description=\"\" data-image-caption=\"\" data-large-file=\"https:\/\/i0.wp.com\/beck-finkbeiner.ch\/wp-content\/uploads\/2019\/09\/Glacebecher-klein-aktion.jpg?fit=560%2C800&amp;ssl=1\" src=\"https:\/\/i0.wp.com\/beck-finkbeiner.ch\/wp-content\/uploads\/2019\/09\/Glacebecher-klein-aktion.jpg?resize=560%2C800&#038;ssl=1\" alt=\"\" class=\"wp-image-5674\" srcset=\"https:\/\/i0.wp.com\/beck-finkbeiner.ch\/wp-content\/uploads\/2019\/09\/Glacebecher-klein-aktion.jpg?w=560&amp;ssl=1 560w, https:\/\/i0.wp.com\/beck-finkbeiner.ch\/wp-content\/uploads\/2019\/09\/Glacebecher-klein-aktion.jpg?resize=210%2C300&amp;ssl=1 210w, https:\/\/i0.wp.com\/beck-finkbeiner.ch\/wp-content\/uploads\/2019\/09\/Glacebecher-klein-aktion.jpg?resize=300%2C429&amp;ssl=1 300w\" sizes=\"auto, (max-width: 560px) 100vw, 560px\" \/><\/figure>\n","protected":false},"excerpt":{"rendered":"<p>Geniessen sie das warme Wetter noch mit einer hausgemachten Glace von uns. Bei uns bekommen Sie f\u00fcr 3 St\u00fcck zum Preis von 2!<\/p>\n","protected":false},"author":1,"featured_media":5674,"comment_status":"closed","ping_status":"closed","sticky":false,"template":"","format":"standard","meta":{"_acf_changed":false,"_crdt_document":"","ngg_post_thumbnail":0,"jetpack_post_was_ever_published":false,"_jetpack_newsletter_access":"","_jetpack_dont_email_post_to_subs":false,"_jetpack_newsletter_tier_id":0,"_jetpack_memberships_contains_paywalled_content":false,"_jetpack_memberships_contains_paid_content":false,"footnotes":"","jetpack_publicize_message":"Jetzt noch ein Glace, Aktion 3 f\u00fcr 2!","jetpack_publicize_feature_enabled":true,"jetpack_social_post_already_shared":true,"jetpack_social_options":{"image_generator_settings":{"template":"highway","default_image_id":0,"font":"","enabled":false},"version":2}},"categories":[5],"tags":[130],"class_list":["post-5673","post","type-post","status-publish","format-standard","has-post-thumbnail","hentry","category-aktion","tag-glace"],"acf":[],"jetpack_publicize_connections":[],"jetpack_featured_media_url":"https:\/\/i0.wp.com\/beck-finkbeiner.ch\/wp-content\/uploads\/2019\/09\/Glacebecher-klein-aktion.jpg?fit=560%2C800&ssl=1","jetpack_sharing_enabled":true,"jetpack_shortlink":"https:\/\/wp.me\/p7b9YP-1tv","jetpack-related-posts":[{"id":10598,"url":"https:\/\/beck-finkbeiner.ch\/?p=10598","url_meta":{"origin":5673,"position":0},"title":"\u00d6ffnungszeiten w\u00e4hrend den Schulsommerferien","author":"Andi Finkbeiner","date":"29. Juni 2020","format":false,"excerpt":"W\u00e4hrend den Schulsommerferien, vom 29. Juni - 8. August haben wir etwas verk\u00fcrzte \u00d6ffnungszeiten- in Liestal: Montag - Freitag bis 18.00 Uhr an Samstagen bis 15.00 Uhr- in Pratteln: Dienstag - Freitag bis 15.00 Uhr, Samstag bis 13.00 Uhr Wir w\u00fcnschen allen, dass Sie den Sommer trotz Corona geniessen k\u00f6nnen\u2026","rel":"","context":"In &quot;Allgemein&quot;","block_context":{"text":"Allgemein","link":"https:\/\/beck-finkbeiner.ch\/?cat=1"},"img":{"alt_text":"","src":"https:\/\/i0.wp.com\/beck-finkbeiner.ch\/wp-content\/uploads\/2020\/06\/%C3%96ffnugszeiten-Sommer.png?fit=800%2C800&ssl=1&resize=350%2C200","width":350,"height":200,"srcset":"https:\/\/i0.wp.com\/beck-finkbeiner.ch\/wp-content\/uploads\/2020\/06\/%C3%96ffnugszeiten-Sommer.png?fit=800%2C800&ssl=1&resize=350%2C200 1x, https:\/\/i0.wp.com\/beck-finkbeiner.ch\/wp-content\/uploads\/2020\/06\/%C3%96ffnugszeiten-Sommer.png?fit=800%2C800&ssl=1&resize=525%2C300 1.5x, https:\/\/i0.wp.com\/beck-finkbeiner.ch\/wp-content\/uploads\/2020\/06\/%C3%96ffnugszeiten-Sommer.png?fit=800%2C800&ssl=1&resize=700%2C400 2x"},"classes":[]},{"id":3123,"url":"https:\/\/beck-finkbeiner.ch\/?p=3123","url_meta":{"origin":5673,"position":1},"title":"50% auf unsere Glace","author":"Andi Finkbeiner","date":"7. September 2018","format":"image","excerpt":"Unsere hausgemachten Glacen bekommen Sie jetzt zum halben Preis!","rel":"","context":"In &quot;Allgemein&quot;","block_context":{"text":"Allgemein","link":"https:\/\/beck-finkbeiner.ch\/?cat=1"},"img":{"alt_text":"","src":"https:\/\/i0.wp.com\/beck-finkbeiner.ch\/wp-content\/uploads\/2018\/09\/Vacherin-Glace-tv.jpg?fit=675%2C1200&ssl=1&resize=350%2C200","width":350,"height":200,"srcset":"https:\/\/i0.wp.com\/beck-finkbeiner.ch\/wp-content\/uploads\/2018\/09\/Vacherin-Glace-tv.jpg?fit=675%2C1200&ssl=1&resize=350%2C200 1x, https:\/\/i0.wp.com\/beck-finkbeiner.ch\/wp-content\/uploads\/2018\/09\/Vacherin-Glace-tv.jpg?fit=675%2C1200&ssl=1&resize=525%2C300 1.5x"},"classes":[]},{"id":11312,"url":"https:\/\/beck-finkbeiner.ch\/?p=11312","url_meta":{"origin":5673,"position":2},"title":"Glacezeit","author":"Andi Finkbeiner","date":"26. April 2021","format":false,"excerpt":"Mit den w\u00e4rmeren Temperaturen ist es auch wieder Zeit f\u00fcr unser hausgemachte Glace.","rel":"","context":"In &quot;Allgemein&quot;","block_context":{"text":"Allgemein","link":"https:\/\/beck-finkbeiner.ch\/?cat=1"},"img":{"alt_text":"","src":"https:\/\/i0.wp.com\/beck-finkbeiner.ch\/wp-content\/uploads\/2021\/04\/Glacekuebeli-scaled.jpg?fit=1200%2C1200&ssl=1&resize=350%2C200","width":350,"height":200,"srcset":"https:\/\/i0.wp.com\/beck-finkbeiner.ch\/wp-content\/uploads\/2021\/04\/Glacekuebeli-scaled.jpg?fit=1200%2C1200&ssl=1&resize=350%2C200 1x, https:\/\/i0.wp.com\/beck-finkbeiner.ch\/wp-content\/uploads\/2021\/04\/Glacekuebeli-scaled.jpg?fit=1200%2C1200&ssl=1&resize=525%2C300 1.5x, https:\/\/i0.wp.com\/beck-finkbeiner.ch\/wp-content\/uploads\/2021\/04\/Glacekuebeli-scaled.jpg?fit=1200%2C1200&ssl=1&resize=700%2C400 2x, https:\/\/i0.wp.com\/beck-finkbeiner.ch\/wp-content\/uploads\/2021\/04\/Glacekuebeli-scaled.jpg?fit=1200%2C1200&ssl=1&resize=1050%2C600 3x"},"classes":[]},{"id":1584,"url":"https:\/\/beck-finkbeiner.ch\/?p=1584","url_meta":{"origin":5673,"position":3},"title":"Glacetest der BZ","author":"Andi Finkbeiner","date":"26. Juli 2016","format":false,"excerpt":"In der Basellandschaftlichen Zeitung vom 22. Juli wurde unsere hausgemachte Glace bewertet.","rel":"","context":"In &quot;Confiserie&quot;","block_context":{"text":"Confiserie","link":"https:\/\/beck-finkbeiner.ch\/?cat=122"},"img":{"alt_text":"2016_Glacebewertung","src":"https:\/\/i0.wp.com\/beck-finkbeiner.ch\/wp-content\/uploads\/2016\/07\/2016_Glacebewertung-246x300.jpg?resize=350%2C200","width":350,"height":200},"classes":[]},{"id":3081,"url":"https:\/\/beck-finkbeiner.ch\/?p=3081","url_meta":{"origin":5673,"position":4},"title":"Vacherin-Glace","author":"Andi Finkbeiner","date":"21. Juni 2018","format":false,"excerpt":"Genau das die richtige Abk\u00fchlung im Sommer, unsere hausgemachte Vacherin-Glace. Entweder mit Vanille-Erdbeer oder Passionsfrucht-Erdbeer.","rel":"","context":"In &quot;Allgemein&quot;","block_context":{"text":"Allgemein","link":"https:\/\/beck-finkbeiner.ch\/?cat=1"},"img":{"alt_text":"","src":"https:\/\/i0.wp.com\/beck-finkbeiner.ch\/wp-content\/uploads\/2018\/06\/Vacherin-Glace-web.jpg?fit=755%2C1200&ssl=1&resize=350%2C200","width":350,"height":200,"srcset":"https:\/\/i0.wp.com\/beck-finkbeiner.ch\/wp-content\/uploads\/2018\/06\/Vacherin-Glace-web.jpg?fit=755%2C1200&ssl=1&resize=350%2C200 1x, https:\/\/i0.wp.com\/beck-finkbeiner.ch\/wp-content\/uploads\/2018\/06\/Vacherin-Glace-web.jpg?fit=755%2C1200&ssl=1&resize=525%2C300 1.5x, https:\/\/i0.wp.com\/beck-finkbeiner.ch\/wp-content\/uploads\/2018\/06\/Vacherin-Glace-web.jpg?fit=755%2C1200&ssl=1&resize=700%2C400 2x"},"classes":[]},{"id":3378,"url":"https:\/\/beck-finkbeiner.ch\/?p=3378","url_meta":{"origin":5673,"position":5},"title":"Sommerzeit Glacezeit","author":"Andi Finkbeiner","date":"25. Juni 2019","format":false,"excerpt":"","rel":"","context":"In &quot;Allgemein&quot;","block_context":{"text":"Allgemein","link":"https:\/\/beck-finkbeiner.ch\/?cat=1"},"img":{"alt_text":"","src":"https:\/\/i0.wp.com\/beck-finkbeiner.ch\/wp-content\/uploads\/2019\/06\/IMG_20190625_110513_996.jpg?fit=1200%2C1200&ssl=1&resize=350%2C200","width":350,"height":200,"srcset":"https:\/\/i0.wp.com\/beck-finkbeiner.ch\/wp-content\/uploads\/2019\/06\/IMG_20190625_110513_996.jpg?fit=1200%2C1200&ssl=1&resize=350%2C200 1x, https:\/\/i0.wp.com\/beck-finkbeiner.ch\/wp-content\/uploads\/2019\/06\/IMG_20190625_110513_996.jpg?fit=1200%2C1200&ssl=1&resize=525%2C300 1.5x, https:\/\/i0.wp.com\/beck-finkbeiner.ch\/wp-content\/uploads\/2019\/06\/IMG_20190625_110513_996.jpg?fit=1200%2C1200&ssl=1&resize=700%2C400 2x, https:\/\/i0.wp.com\/beck-finkbeiner.ch\/wp-content\/uploads\/2019\/06\/IMG_20190625_110513_996.jpg?fit=1200%2C1200&ssl=1&resize=1050%2C600 3x"},"classes":[]}],"jetpack_likes_enabled":false,"_links":{"self":[{"href":"https:\/\/beck-finkbeiner.ch\/index.php?rest_route=\/wp\/v2\/posts\/5673","targetHints":{"allow":["GET"]}}],"collection":[{"href":"https:\/\/beck-finkbeiner.ch\/index.php?rest_route=\/wp\/v2\/posts"}],"about":[{"href":"https:\/\/beck-finkbeiner.ch\/index.php?rest_route=\/wp\/v2\/types\/post"}],"author":[{"embeddable":true,"href":"https:\/\/beck-finkbeiner.ch\/index.php?rest_route=\/wp\/v2\/users\/1"}],"replies":[{"embeddable":true,"href":"https:\/\/beck-finkbeiner.ch\/index.php?rest_route=%2Fwp%2Fv2%2Fcomments&post=5673"}],"version-history":[{"count":1,"href":"https:\/\/beck-finkbeiner.ch\/index.php?rest_route=\/wp\/v2\/posts\/5673\/revisions"}],"predecessor-version":[{"id":5675,"href":"https:\/\/beck-finkbeiner.ch\/index.php?rest_route=\/wp\/v2\/posts\/5673\/revisions\/5675"}],"wp:featuredmedia":[{"embeddable":true,"href":"https:\/\/beck-finkbeiner.ch\/index.php?rest_route=\/wp\/v2\/media\/5674"}],"wp:attachment":[{"href":"https:\/\/beck-finkbeiner.ch\/index.php?rest_route=%2Fwp%2Fv2%2Fmedia&parent=5673"}],"wp:term":[{"taxonomy":"category","embeddable":true,"href":"https:\/\/beck-finkbeiner.ch\/index.php?rest_route=%2Fwp%2Fv2%2Fcategories&post=5673"},{"taxonomy":"post_tag","embeddable":true,"href":"https:\/\/beck-finkbeiner.ch\/index.php?rest_route=%2Fwp%2Fv2%2Ftags&post=5673"}],"curies":[{"name":"wp","href":"https:\/\/api.w.org\/{rel}","templated":true}]}}