{"id":5520,"date":"2019-09-24T09:56:21","date_gmt":"2019-09-24T08:56:21","guid":{"rendered":"https:\/\/beck-finkbeiner.ch\/?p=5520"},"modified":"2019-09-24T09:56:21","modified_gmt":"2019-09-24T08:56:21","slug":"herbstmarkt-in-liestal","status":"publish","type":"post","link":"https:\/\/beck-finkbeiner.ch\/?p=5520","title":{"rendered":"Herbstmarkt in Liestal"},"content":{"rendered":"\n<p class=\"wp-block-paragraph\">Morgen ist wieder Herbstmarkt in Liestal, wir haben wieder feine Sandwichs am Meter, gef\u00fcllte Bretzel, Berliner, Himbeerschnitten, K\u00fcrbissuppe und und und&#8230;.Kommt vorbei und g\u00f6nnt euch etwas &#x1f642; <\/p>\n\n\n\n<ul class=\"wp-block-gallery columns-3 is-cropped wp-block-gallery-1 is-layout-flex wp-block-gallery-is-layout-flex\"><li class=\"blocks-gallery-item\"><figure><img data-recalc-dims=\"1\" loading=\"lazy\" decoding=\"async\" width=\"980\" height=\"551\" data-attachment-id=\"1443\" data-permalink=\"https:\/\/beck-finkbeiner.ch\/?attachment_id=1443\" data-orig-file=\"https:\/\/i0.wp.com\/beck-finkbeiner.ch\/wp-content\/uploads\/2016\/05\/wp-1464166679249-1.jpg?fit=2000%2C1125&amp;ssl=1\" data-orig-size=\"2000,1125\" data-comments-opened=\"1\" data-image-meta=\"{&quot;aperture&quot;:&quot;0&quot;,&quot;credit&quot;:&quot;&quot;,&quot;camera&quot;:&quot;&quot;,&quot;caption&quot;:&quot;&quot;,&quot;created_timestamp&quot;:&quot;0&quot;,&quot;copyright&quot;:&quot;&quot;,&quot;focal_length&quot;:&quot;0&quot;,&quot;iso&quot;:&quot;0&quot;,&quot;shutter_speed&quot;:&quot;0&quot;,&quot;title&quot;:&quot;&quot;,&quot;orientation&quot;:&quot;0&quot;}\" data-image-title=\"wp-1464166679249.jpg\" data-image-description=\"\" data-image-caption=\"\" data-large-file=\"https:\/\/i0.wp.com\/beck-finkbeiner.ch\/wp-content\/uploads\/2016\/05\/wp-1464166679249-1.jpg?fit=980%2C551&amp;ssl=1\" src=\"https:\/\/i0.wp.com\/beck-finkbeiner.ch\/wp-content\/uploads\/2016\/05\/wp-1464166679249-1.jpg?resize=980%2C551&#038;ssl=1\" alt=\"\" data-id=\"1443\" data-link=\"https:\/\/beck-finkbeiner.ch\/?attachment_id=1443\" class=\"wp-image-1443\" srcset=\"https:\/\/i0.wp.com\/beck-finkbeiner.ch\/wp-content\/uploads\/2016\/05\/wp-1464166679249-1.jpg?resize=1024%2C576&amp;ssl=1 1024w, https:\/\/i0.wp.com\/beck-finkbeiner.ch\/wp-content\/uploads\/2016\/05\/wp-1464166679249-1.jpg?resize=300%2C169&amp;ssl=1 300w, https:\/\/i0.wp.com\/beck-finkbeiner.ch\/wp-content\/uploads\/2016\/05\/wp-1464166679249-1.jpg?resize=768%2C432&amp;ssl=1 768w, https:\/\/i0.wp.com\/beck-finkbeiner.ch\/wp-content\/uploads\/2016\/05\/wp-1464166679249-1.jpg?resize=500%2C281&amp;ssl=1 500w, https:\/\/i0.wp.com\/beck-finkbeiner.ch\/wp-content\/uploads\/2016\/05\/wp-1464166679249-1.jpg?w=2000&amp;ssl=1 2000w\" sizes=\"auto, (max-width: 980px) 100vw, 980px\" \/><\/figure><\/li><li class=\"blocks-gallery-item\"><figure><img data-recalc-dims=\"1\" loading=\"lazy\" decoding=\"async\" width=\"980\" height=\"980\" data-attachment-id=\"1440\" data-permalink=\"https:\/\/beck-finkbeiner.ch\/?attachment_id=1440\" data-orig-file=\"https:\/\/i0.wp.com\/beck-finkbeiner.ch\/wp-content\/uploads\/2016\/05\/wp-1464166627785-1.jpg?fit=2000%2C2000&amp;ssl=1\" data-orig-size=\"2000,2000\" data-comments-opened=\"1\" data-image-meta=\"{&quot;aperture&quot;:&quot;0&quot;,&quot;credit&quot;:&quot;&quot;,&quot;camera&quot;:&quot;&quot;,&quot;caption&quot;:&quot;&quot;,&quot;created_timestamp&quot;:&quot;0&quot;,&quot;copyright&quot;:&quot;&quot;,&quot;focal_length&quot;:&quot;0&quot;,&quot;iso&quot;:&quot;0&quot;,&quot;shutter_speed&quot;:&quot;0&quot;,&quot;title&quot;:&quot;&quot;,&quot;orientation&quot;:&quot;0&quot;}\" data-image-title=\"wp-1464166627785.jpg\" data-image-description=\"\" data-image-caption=\"\" data-large-file=\"https:\/\/i0.wp.com\/beck-finkbeiner.ch\/wp-content\/uploads\/2016\/05\/wp-1464166627785-1.jpg?fit=980%2C980&amp;ssl=1\" src=\"https:\/\/i0.wp.com\/beck-finkbeiner.ch\/wp-content\/uploads\/2016\/05\/wp-1464166627785-1.jpg?resize=980%2C980&#038;ssl=1\" alt=\"\" data-id=\"1440\" data-link=\"https:\/\/beck-finkbeiner.ch\/?attachment_id=1440\" class=\"wp-image-1440\" srcset=\"https:\/\/i0.wp.com\/beck-finkbeiner.ch\/wp-content\/uploads\/2016\/05\/wp-1464166627785-1.jpg?resize=1024%2C1024&amp;ssl=1 1024w, https:\/\/i0.wp.com\/beck-finkbeiner.ch\/wp-content\/uploads\/2016\/05\/wp-1464166627785-1.jpg?resize=150%2C150&amp;ssl=1 150w, https:\/\/i0.wp.com\/beck-finkbeiner.ch\/wp-content\/uploads\/2016\/05\/wp-1464166627785-1.jpg?resize=300%2C300&amp;ssl=1 300w, https:\/\/i0.wp.com\/beck-finkbeiner.ch\/wp-content\/uploads\/2016\/05\/wp-1464166627785-1.jpg?resize=768%2C768&amp;ssl=1 768w, https:\/\/i0.wp.com\/beck-finkbeiner.ch\/wp-content\/uploads\/2016\/05\/wp-1464166627785-1.jpg?w=2000&amp;ssl=1 2000w\" sizes=\"auto, (max-width: 980px) 100vw, 980px\" \/><\/figure><\/li><li class=\"blocks-gallery-item\"><figure><img data-recalc-dims=\"1\" loading=\"lazy\" decoding=\"async\" width=\"960\" height=\"960\" data-attachment-id=\"3147\" data-permalink=\"https:\/\/beck-finkbeiner.ch\/?attachment_id=3147\" data-orig-file=\"https:\/\/i0.wp.com\/beck-finkbeiner.ch\/wp-content\/uploads\/2018\/10\/Berliner.jpg?fit=960%2C960&amp;ssl=1\" data-orig-size=\"960,960\" data-comments-opened=\"0\" data-image-meta=\"{&quot;aperture&quot;:&quot;0&quot;,&quot;credit&quot;:&quot;&quot;,&quot;camera&quot;:&quot;&quot;,&quot;caption&quot;:&quot;&quot;,&quot;created_timestamp&quot;:&quot;0&quot;,&quot;copyright&quot;:&quot;&quot;,&quot;focal_length&quot;:&quot;0&quot;,&quot;iso&quot;:&quot;0&quot;,&quot;shutter_speed&quot;:&quot;0&quot;,&quot;title&quot;:&quot;&quot;,&quot;orientation&quot;:&quot;0&quot;}\" data-image-title=\"Berliner\" data-image-description=\"\" data-image-caption=\"\" data-large-file=\"https:\/\/i0.wp.com\/beck-finkbeiner.ch\/wp-content\/uploads\/2018\/10\/Berliner.jpg?fit=960%2C960&amp;ssl=1\" src=\"https:\/\/i0.wp.com\/beck-finkbeiner.ch\/wp-content\/uploads\/2018\/10\/Berliner.jpg?resize=960%2C960&#038;ssl=1\" alt=\"\" data-id=\"3147\" data-link=\"https:\/\/beck-finkbeiner.ch\/?attachment_id=3147\" class=\"wp-image-3147\" srcset=\"https:\/\/i0.wp.com\/beck-finkbeiner.ch\/wp-content\/uploads\/2018\/10\/Berliner.jpg?w=960&amp;ssl=1 960w, https:\/\/i0.wp.com\/beck-finkbeiner.ch\/wp-content\/uploads\/2018\/10\/Berliner.jpg?resize=150%2C150&amp;ssl=1 150w, https:\/\/i0.wp.com\/beck-finkbeiner.ch\/wp-content\/uploads\/2018\/10\/Berliner.jpg?resize=300%2C300&amp;ssl=1 300w, https:\/\/i0.wp.com\/beck-finkbeiner.ch\/wp-content\/uploads\/2018\/10\/Berliner.jpg?resize=768%2C768&amp;ssl=1 768w, https:\/\/i0.wp.com\/beck-finkbeiner.ch\/wp-content\/uploads\/2018\/10\/Berliner.jpg?resize=100%2C100&amp;ssl=1 100w\" sizes=\"auto, (max-width: 960px) 100vw, 960px\" \/><\/figure><\/li><\/ul>\n","protected":false},"excerpt":{"rendered":"<p>Morgen ist wieder Herbstmarkt in Liestal, wir haben wieder feine Sandwichs am Meter, gef\u00fcllte Bretzel, Berliner, Himbeerschnitten, K\u00fcrbissuppe und und und&#8230;.Kommt vorbei und g\u00f6nnt euch etwas &#x1f642;<\/p>\n","protected":false},"author":1,"featured_media":1437,"comment_status":"closed","ping_status":"closed","sticky":false,"template":"","format":"standard","meta":{"_acf_changed":false,"_crdt_document":"","ngg_post_thumbnail":0,"jetpack_post_was_ever_published":false,"_jetpack_newsletter_access":"","_jetpack_dont_email_post_to_subs":false,"_jetpack_newsletter_tier_id":0,"_jetpack_memberships_contains_paywalled_content":false,"_jetpack_memberships_contains_paid_content":false,"footnotes":"","jetpack_publicize_message":"","jetpack_publicize_feature_enabled":true,"jetpack_social_post_already_shared":true,"jetpack_social_options":{"image_generator_settings":{"template":"highway","default_image_id":0,"font":"","enabled":false},"version":2}},"categories":[6],"tags":[],"class_list":["post-5520","post","type-post","status-publish","format-standard","has-post-thumbnail","hentry","category-anlaesse"],"acf":[],"jetpack_publicize_connections":[],"jetpack_featured_media_url":"https:\/\/i0.wp.com\/beck-finkbeiner.ch\/wp-content\/uploads\/2016\/05\/wp-1464166679249.jpg?fit=2000%2C1125&ssl=1","jetpack_sharing_enabled":true,"jetpack_shortlink":"https:\/\/wp.me\/p7b9YP-1r2","jetpack-related-posts":[{"id":13035,"url":"https:\/\/beck-finkbeiner.ch\/?p=13035","url_meta":{"origin":5520,"position":0},"title":"Herbstmarkt in Liestal","author":"Andi Finkbeiner","date":"25. September 2024","format":false,"excerpt":"https:\/\/www.instagram.com\/p\/DAVTH3SuFdl\/?utm_source=ig_web_button_share_sheet&igsh=MzRlODBiNWFlZA==","rel":"","context":"In &quot;Anl\u00e4sse&quot;","block_context":{"text":"Anl\u00e4sse","link":"https:\/\/beck-finkbeiner.ch\/?cat=6"},"img":{"alt_text":"","src":"","width":0,"height":0},"classes":[]},{"id":10564,"url":"https:\/\/beck-finkbeiner.ch\/?p=10564","url_meta":{"origin":5520,"position":1},"title":"Tag vor Auffahrt 20. Mai","author":"Andi Finkbeiner","date":"19. Mai 2020","format":false,"excerpt":"Morgen backen wir f\u00fcr Sie auch Butterz\u00f6pfe und in Liestal die traditionellen Auffahrtsweggen\u00a0\ud83d\ude0bZugleich verl\u00e4ngern wir wieder die \u00d6ffnungszeiten in Liestal an den Samstagen und vor Feiertagen bis 16.00 Uhr\u00a0","rel":"","context":"In &quot;Allgemein&quot;","block_context":{"text":"Allgemein","link":"https:\/\/beck-finkbeiner.ch\/?cat=1"},"img":{"alt_text":"","src":"https:\/\/i0.wp.com\/beck-finkbeiner.ch\/wp-content\/uploads\/2020\/05\/Auffahrt.png?fit=1200%2C1198&ssl=1&resize=350%2C200","width":350,"height":200,"srcset":"https:\/\/i0.wp.com\/beck-finkbeiner.ch\/wp-content\/uploads\/2020\/05\/Auffahrt.png?fit=1200%2C1198&ssl=1&resize=350%2C200 1x, https:\/\/i0.wp.com\/beck-finkbeiner.ch\/wp-content\/uploads\/2020\/05\/Auffahrt.png?fit=1200%2C1198&ssl=1&resize=525%2C300 1.5x, https:\/\/i0.wp.com\/beck-finkbeiner.ch\/wp-content\/uploads\/2020\/05\/Auffahrt.png?fit=1200%2C1198&ssl=1&resize=700%2C400 2x, https:\/\/i0.wp.com\/beck-finkbeiner.ch\/wp-content\/uploads\/2020\/05\/Auffahrt.png?fit=1200%2C1198&ssl=1&resize=1050%2C600 3x"},"classes":[]},{"id":1546,"url":"https:\/\/beck-finkbeiner.ch\/?p=1546","url_meta":{"origin":5520,"position":2},"title":"Warenmarkt Liestal","author":"Andi Finkbeiner","date":"15. August 2016","format":false,"excerpt":"Diese Woche, am Mittwoch, ist wieder M\u00e4rt in Liestal,wir begr\u00fcssen sie gerne an unserem Stand mit Sandwiches am Meter, diversen Snacks und s\u00fcssen Sachen","rel":"","context":"In &quot;Anl\u00e4sse&quot;","block_context":{"text":"Anl\u00e4sse","link":"https:\/\/beck-finkbeiner.ch\/?cat=6"},"img":{"alt_text":"","src":"","width":0,"height":0},"classes":[]},{"id":11558,"url":"https:\/\/beck-finkbeiner.ch\/?p=11558","url_meta":{"origin":5520,"position":3},"title":"Fondue","author":"Andi Finkbeiner","date":"10. November 2021","format":false,"excerpt":"Besonders in der kalten Jahreszeit sind die Fonduemischungen vom Milchh\u00fcsli Liestal besonders fein. Jetzt haben wir sie auch wieder bei uns im Angebot Ab sofort bei uns in Liestal und morgen auch in Pratteln.","rel":"","context":"In &quot;Aktion&quot;","block_context":{"text":"Aktion","link":"https:\/\/beck-finkbeiner.ch\/?cat=5"},"img":{"alt_text":"","src":"https:\/\/i0.wp.com\/beck-finkbeiner.ch\/wp-content\/uploads\/2021\/11\/Milchhuesli-Fondue-scaled.jpg?fit=1200%2C1200&ssl=1&resize=350%2C200","width":350,"height":200,"srcset":"https:\/\/i0.wp.com\/beck-finkbeiner.ch\/wp-content\/uploads\/2021\/11\/Milchhuesli-Fondue-scaled.jpg?fit=1200%2C1200&ssl=1&resize=350%2C200 1x, https:\/\/i0.wp.com\/beck-finkbeiner.ch\/wp-content\/uploads\/2021\/11\/Milchhuesli-Fondue-scaled.jpg?fit=1200%2C1200&ssl=1&resize=525%2C300 1.5x, https:\/\/i0.wp.com\/beck-finkbeiner.ch\/wp-content\/uploads\/2021\/11\/Milchhuesli-Fondue-scaled.jpg?fit=1200%2C1200&ssl=1&resize=700%2C400 2x, https:\/\/i0.wp.com\/beck-finkbeiner.ch\/wp-content\/uploads\/2021\/11\/Milchhuesli-Fondue-scaled.jpg?fit=1200%2C1200&ssl=1&resize=1050%2C600 3x"},"classes":[]},{"id":11825,"url":"https:\/\/beck-finkbeiner.ch\/?p=11825","url_meta":{"origin":5520,"position":4},"title":"Gl\u00fcck im Ungl\u00fcck","author":"Andi Finkbeiner","date":"29. Juni 2022","format":false,"excerpt":"Heute Nachmittag mussten wir wegen eines Brandes in der Stromeinspeisung die Feuerwehr aufbieten. Sie hatten den Brand zum Gl\u00fcck schnell unter Kontrolle. Der Schaden h\u00e4lt sich zum Gl\u00fcck in Grenzen und wir k\u00f6nnen morgen wieder einigermassen normal produzieren und den Schaden aufnehmen. Vielen Dank an Feuerwehr, Polizei und Elektro B\u00fcrgin","rel":"","context":"In &quot;Allgemein&quot;","block_context":{"text":"Allgemein","link":"https:\/\/beck-finkbeiner.ch\/?cat=1"},"img":{"alt_text":"","src":"https:\/\/i0.wp.com\/beck-finkbeiner.ch\/wp-content\/uploads\/2022\/06\/img_20220629_1610223295183131466521801-scaled.jpg?resize=350%2C200","width":350,"height":200,"srcset":"https:\/\/i0.wp.com\/beck-finkbeiner.ch\/wp-content\/uploads\/2022\/06\/img_20220629_1610223295183131466521801-scaled.jpg?resize=350%2C200 1x, https:\/\/i0.wp.com\/beck-finkbeiner.ch\/wp-content\/uploads\/2022\/06\/img_20220629_1610223295183131466521801-scaled.jpg?resize=525%2C300 1.5x, https:\/\/i0.wp.com\/beck-finkbeiner.ch\/wp-content\/uploads\/2022\/06\/img_20220629_1610223295183131466521801-scaled.jpg?resize=700%2C400 2x, https:\/\/i0.wp.com\/beck-finkbeiner.ch\/wp-content\/uploads\/2022\/06\/img_20220629_1610223295183131466521801-scaled.jpg?resize=1050%2C600 3x"},"classes":[]},{"id":2484,"url":"https:\/\/beck-finkbeiner.ch\/?p=2484","url_meta":{"origin":5520,"position":5},"title":"Er\u00f6ffnung Liestal","author":"Andi Finkbeiner","date":"4. August 2017","format":false,"excerpt":"Am morgigen Samstag er\u00f6ffnen wir unseren neuen Laden in Liestal. Kommen Sie vorbei und drehen Sie an unserem Gl\u00fccksrad. Wir werden unser neuen Urdinkelzopf vorstellen und in der Rathausstrasse schmackhaftes Buurebrot aus den Holzofen backen.\u00a0 Schauen Sie sich bereits jetzt in unserem Virtuellen Laden um und finden Sie den Bagger\u2026","rel":"","context":"In &quot;Anl\u00e4sse&quot;","block_context":{"text":"Anl\u00e4sse","link":"https:\/\/beck-finkbeiner.ch\/?cat=6"},"img":{"alt_text":"","src":"https:\/\/i0.wp.com\/beck-finkbeiner.ch\/wp-content\/uploads\/2017\/08\/BaggerChallenge-300x300.jpg?resize=350%2C200&ssl=1","width":350,"height":200},"classes":[]}],"jetpack_likes_enabled":false,"_links":{"self":[{"href":"https:\/\/beck-finkbeiner.ch\/index.php?rest_route=\/wp\/v2\/posts\/5520","targetHints":{"allow":["GET"]}}],"collection":[{"href":"https:\/\/beck-finkbeiner.ch\/index.php?rest_route=\/wp\/v2\/posts"}],"about":[{"href":"https:\/\/beck-finkbeiner.ch\/index.php?rest_route=\/wp\/v2\/types\/post"}],"author":[{"embeddable":true,"href":"https:\/\/beck-finkbeiner.ch\/index.php?rest_route=\/wp\/v2\/users\/1"}],"replies":[{"embeddable":true,"href":"https:\/\/beck-finkbeiner.ch\/index.php?rest_route=%2Fwp%2Fv2%2Fcomments&post=5520"}],"version-history":[{"count":1,"href":"https:\/\/beck-finkbeiner.ch\/index.php?rest_route=\/wp\/v2\/posts\/5520\/revisions"}],"predecessor-version":[{"id":5522,"href":"https:\/\/beck-finkbeiner.ch\/index.php?rest_route=\/wp\/v2\/posts\/5520\/revisions\/5522"}],"wp:featuredmedia":[{"embeddable":true,"href":"https:\/\/beck-finkbeiner.ch\/index.php?rest_route=\/wp\/v2\/media\/1437"}],"wp:attachment":[{"href":"https:\/\/beck-finkbeiner.ch\/index.php?rest_route=%2Fwp%2Fv2%2Fmedia&parent=5520"}],"wp:term":[{"taxonomy":"category","embeddable":true,"href":"https:\/\/beck-finkbeiner.ch\/index.php?rest_route=%2Fwp%2Fv2%2Fcategories&post=5520"},{"taxonomy":"post_tag","embeddable":true,"href":"https:\/\/beck-finkbeiner.ch\/index.php?rest_route=%2Fwp%2Fv2%2Ftags&post=5520"}],"curies":[{"name":"wp","href":"https:\/\/api.w.org\/{rel}","templated":true}]}}