{"id":323,"date":"2014-01-06T11:24:18","date_gmt":"2014-01-06T09:24:18","guid":{"rendered":"http:\/\/beck-finkbeiner.ch\/?p=323"},"modified":"2014-01-06T11:24:18","modified_gmt":"2014-01-06T09:24:18","slug":"ab-sofort-wieder-bei-uns-im-angebot","status":"publish","type":"post","link":"https:\/\/beck-finkbeiner.ch\/?p=323","title":{"rendered":"Ab sofort wieder bei uns im Angebot"},"content":{"rendered":"<p><strong>Ab Dienstag 7. Januar haben wir wieder Berliner, Schenkeli &amp; Donuts im Angebot<\/strong><\/p>\n","protected":false},"excerpt":{"rendered":"<p>Ab Dienstag 7. Januar haben wir wieder Berliner, Schenkeli &amp; Donuts im Angebot<\/p>\n","protected":false},"author":1,"featured_media":0,"comment_status":"open","ping_status":"open","sticky":false,"template":"","format":"standard","meta":{"_acf_changed":false,"_crdt_document":"","ngg_post_thumbnail":0,"jetpack_post_was_ever_published":false,"_jetpack_newsletter_access":"","_jetpack_dont_email_post_to_subs":false,"_jetpack_newsletter_tier_id":0,"_jetpack_memberships_contains_paywalled_content":false,"_jetpack_memberships_contains_paid_content":false,"footnotes":"","jetpack_publicize_message":"","jetpack_publicize_feature_enabled":true,"jetpack_social_post_already_shared":false,"jetpack_social_options":{"image_generator_settings":{"template":"highway","default_image_id":0,"font":"","enabled":false},"version":2}},"categories":[1],"tags":[],"class_list":["post-323","post","type-post","status-publish","format-standard","hentry","category-allgemein"],"acf":[],"jetpack_publicize_connections":[],"jetpack_featured_media_url":"","jetpack_sharing_enabled":true,"jetpack_shortlink":"https:\/\/wp.me\/p7b9YP-5d","jetpack-related-posts":[{"id":11558,"url":"https:\/\/beck-finkbeiner.ch\/?p=11558","url_meta":{"origin":323,"position":0},"title":"Fondue","author":"Andi Finkbeiner","date":"10. November 2021","format":false,"excerpt":"Besonders in der kalten Jahreszeit sind die Fonduemischungen vom Milchh\u00fcsli Liestal besonders fein. Jetzt haben wir sie auch wieder bei uns im Angebot Ab sofort bei uns in Liestal und morgen auch in Pratteln.","rel":"","context":"In &quot;Aktion&quot;","block_context":{"text":"Aktion","link":"https:\/\/beck-finkbeiner.ch\/?cat=5"},"img":{"alt_text":"","src":"https:\/\/i0.wp.com\/beck-finkbeiner.ch\/wp-content\/uploads\/2021\/11\/Milchhuesli-Fondue-scaled.jpg?fit=1200%2C1200&ssl=1&resize=350%2C200","width":350,"height":200,"srcset":"https:\/\/i0.wp.com\/beck-finkbeiner.ch\/wp-content\/uploads\/2021\/11\/Milchhuesli-Fondue-scaled.jpg?fit=1200%2C1200&ssl=1&resize=350%2C200 1x, https:\/\/i0.wp.com\/beck-finkbeiner.ch\/wp-content\/uploads\/2021\/11\/Milchhuesli-Fondue-scaled.jpg?fit=1200%2C1200&ssl=1&resize=525%2C300 1.5x, https:\/\/i0.wp.com\/beck-finkbeiner.ch\/wp-content\/uploads\/2021\/11\/Milchhuesli-Fondue-scaled.jpg?fit=1200%2C1200&ssl=1&resize=700%2C400 2x, https:\/\/i0.wp.com\/beck-finkbeiner.ch\/wp-content\/uploads\/2021\/11\/Milchhuesli-Fondue-scaled.jpg?fit=1200%2C1200&ssl=1&resize=1050%2C600 3x"},"classes":[]},{"id":8515,"url":"https:\/\/beck-finkbeiner.ch\/?p=8515","url_meta":{"origin":323,"position":1},"title":"Tageshit am Samstag 11. Januar","author":"Andi Finkbeiner","date":"10. Januar 2020","format":false,"excerpt":"Ab morgen haben wir wieder Berliner im Angebot und zum Start gibt es 15% Rabatt!","rel":"","context":"In &quot;Aktion&quot;","block_context":{"text":"Aktion","link":"https:\/\/beck-finkbeiner.ch\/?cat=5"},"img":{"alt_text":"","src":"https:\/\/i0.wp.com\/beck-finkbeiner.ch\/wp-content\/uploads\/2019\/10\/Berliner15Prozent-insta.jpg?fit=1200%2C1200&ssl=1&resize=350%2C200","width":350,"height":200,"srcset":"https:\/\/i0.wp.com\/beck-finkbeiner.ch\/wp-content\/uploads\/2019\/10\/Berliner15Prozent-insta.jpg?fit=1200%2C1200&ssl=1&resize=350%2C200 1x, https:\/\/i0.wp.com\/beck-finkbeiner.ch\/wp-content\/uploads\/2019\/10\/Berliner15Prozent-insta.jpg?fit=1200%2C1200&ssl=1&resize=525%2C300 1.5x, https:\/\/i0.wp.com\/beck-finkbeiner.ch\/wp-content\/uploads\/2019\/10\/Berliner15Prozent-insta.jpg?fit=1200%2C1200&ssl=1&resize=700%2C400 2x, https:\/\/i0.wp.com\/beck-finkbeiner.ch\/wp-content\/uploads\/2019\/10\/Berliner15Prozent-insta.jpg?fit=1200%2C1200&ssl=1&resize=1050%2C600 3x"},"classes":[]},{"id":10598,"url":"https:\/\/beck-finkbeiner.ch\/?p=10598","url_meta":{"origin":323,"position":2},"title":"\u00d6ffnungszeiten w\u00e4hrend den Schulsommerferien","author":"Andi Finkbeiner","date":"29. Juni 2020","format":false,"excerpt":"W\u00e4hrend den Schulsommerferien, vom 29. Juni - 8. August haben wir etwas verk\u00fcrzte \u00d6ffnungszeiten- in Liestal: Montag - Freitag bis 18.00 Uhr an Samstagen bis 15.00 Uhr- in Pratteln: Dienstag - Freitag bis 15.00 Uhr, Samstag bis 13.00 Uhr Wir w\u00fcnschen allen, dass Sie den Sommer trotz Corona geniessen k\u00f6nnen\u2026","rel":"","context":"In &quot;Allgemein&quot;","block_context":{"text":"Allgemein","link":"https:\/\/beck-finkbeiner.ch\/?cat=1"},"img":{"alt_text":"","src":"https:\/\/i0.wp.com\/beck-finkbeiner.ch\/wp-content\/uploads\/2020\/06\/%C3%96ffnugszeiten-Sommer.png?fit=800%2C800&ssl=1&resize=350%2C200","width":350,"height":200,"srcset":"https:\/\/i0.wp.com\/beck-finkbeiner.ch\/wp-content\/uploads\/2020\/06\/%C3%96ffnugszeiten-Sommer.png?fit=800%2C800&ssl=1&resize=350%2C200 1x, https:\/\/i0.wp.com\/beck-finkbeiner.ch\/wp-content\/uploads\/2020\/06\/%C3%96ffnugszeiten-Sommer.png?fit=800%2C800&ssl=1&resize=525%2C300 1.5x, https:\/\/i0.wp.com\/beck-finkbeiner.ch\/wp-content\/uploads\/2020\/06\/%C3%96ffnugszeiten-Sommer.png?fit=800%2C800&ssl=1&resize=700%2C400 2x"},"classes":[]},{"id":1070,"url":"https:\/\/beck-finkbeiner.ch\/?p=1070","url_meta":{"origin":323,"position":3},"title":"Wieder bei uns&#8230;","author":"Andi Finkbeiner","date":"1. Oktober 2014","format":false,"excerpt":"ab heute haben wir wieder Berliner, mit Konfi oder mit Vanillecreme. Ausserdem haben wir wieder Suppe und Vermicelles.","rel":"","context":"In &quot;Allgemein&quot;","block_context":{"text":"Allgemein","link":"https:\/\/beck-finkbeiner.ch\/?cat=1"},"img":{"alt_text":"2452_Berliner","src":"https:\/\/i0.wp.com\/beck-finkbeiner.ch\/wp-content\/uploads\/2014\/10\/2452_Berliner-300x154.png?resize=350%2C200","width":350,"height":200},"classes":[]},{"id":8287,"url":"https:\/\/beck-finkbeiner.ch\/?p=8287","url_meta":{"origin":323,"position":4},"title":"K\u00f6nigskuchen &#038; Fastenwaien","author":"Andi Finkbeiner","date":"3. Januar 2020","format":false,"excerpt":"Im neuen Jahr haben wir wieder Fastenwaien und auch die K\u00f6nigskuchenproduktion haben wir gestartet.","rel":"","context":"In &quot;Anl\u00e4sse&quot;","block_context":{"text":"Anl\u00e4sse","link":"https:\/\/beck-finkbeiner.ch\/?cat=6"},"img":{"alt_text":"","src":"https:\/\/i0.wp.com\/beck-finkbeiner.ch\/wp-content\/uploads\/2017\/01\/302_K%C3%B6nigkuchen_6erKrone.jpg?fit=1200%2C1200&ssl=1&resize=350%2C200","width":350,"height":200,"srcset":"https:\/\/i0.wp.com\/beck-finkbeiner.ch\/wp-content\/uploads\/2017\/01\/302_K%C3%B6nigkuchen_6erKrone.jpg?fit=1200%2C1200&ssl=1&resize=350%2C200 1x, https:\/\/i0.wp.com\/beck-finkbeiner.ch\/wp-content\/uploads\/2017\/01\/302_K%C3%B6nigkuchen_6erKrone.jpg?fit=1200%2C1200&ssl=1&resize=525%2C300 1.5x, https:\/\/i0.wp.com\/beck-finkbeiner.ch\/wp-content\/uploads\/2017\/01\/302_K%C3%B6nigkuchen_6erKrone.jpg?fit=1200%2C1200&ssl=1&resize=700%2C400 2x, https:\/\/i0.wp.com\/beck-finkbeiner.ch\/wp-content\/uploads\/2017\/01\/302_K%C3%B6nigkuchen_6erKrone.jpg?fit=1200%2C1200&ssl=1&resize=1050%2C600 3x"},"classes":[]},{"id":11276,"url":"https:\/\/beck-finkbeiner.ch\/?p=11276","url_meta":{"origin":323,"position":5},"title":"Covid-News","author":"Andi Finkbeiner","date":"15. April 2021","format":false,"excerpt":"Ab Montag (in Pratteln ab Dienstag) d\u00fcrfen wir zumindest draussen wieder G\u00e4ste begr\u00fcssen. Bis auf weiteres haben wir Selbstbedienung und die eingeschr\u00e4nkten \u00d6ffnungszeiten in Pratteln. Wir hoffen die Temperaturen lassen ein verweilen bei uns zu.","rel":"","context":"In &quot;Allgemein&quot;","block_context":{"text":"Allgemein","link":"https:\/\/beck-finkbeiner.ch\/?cat=1"},"img":{"alt_text":"","src":"https:\/\/i0.wp.com\/beck-finkbeiner.ch\/wp-content\/uploads\/2021\/04\/PrattelnCafe.jpg?fit=1080%2C1080&ssl=1&resize=350%2C200","width":350,"height":200,"srcset":"https:\/\/i0.wp.com\/beck-finkbeiner.ch\/wp-content\/uploads\/2021\/04\/PrattelnCafe.jpg?fit=1080%2C1080&ssl=1&resize=350%2C200 1x, https:\/\/i0.wp.com\/beck-finkbeiner.ch\/wp-content\/uploads\/2021\/04\/PrattelnCafe.jpg?fit=1080%2C1080&ssl=1&resize=525%2C300 1.5x, https:\/\/i0.wp.com\/beck-finkbeiner.ch\/wp-content\/uploads\/2021\/04\/PrattelnCafe.jpg?fit=1080%2C1080&ssl=1&resize=700%2C400 2x, https:\/\/i0.wp.com\/beck-finkbeiner.ch\/wp-content\/uploads\/2021\/04\/PrattelnCafe.jpg?fit=1080%2C1080&ssl=1&resize=1050%2C600 3x"},"classes":[]}],"jetpack_likes_enabled":false,"_links":{"self":[{"href":"https:\/\/beck-finkbeiner.ch\/index.php?rest_route=\/wp\/v2\/posts\/323","targetHints":{"allow":["GET"]}}],"collection":[{"href":"https:\/\/beck-finkbeiner.ch\/index.php?rest_route=\/wp\/v2\/posts"}],"about":[{"href":"https:\/\/beck-finkbeiner.ch\/index.php?rest_route=\/wp\/v2\/types\/post"}],"author":[{"embeddable":true,"href":"https:\/\/beck-finkbeiner.ch\/index.php?rest_route=\/wp\/v2\/users\/1"}],"replies":[{"embeddable":true,"href":"https:\/\/beck-finkbeiner.ch\/index.php?rest_route=%2Fwp%2Fv2%2Fcomments&post=323"}],"version-history":[{"count":2,"href":"https:\/\/beck-finkbeiner.ch\/index.php?rest_route=\/wp\/v2\/posts\/323\/revisions"}],"predecessor-version":[{"id":325,"href":"https:\/\/beck-finkbeiner.ch\/index.php?rest_route=\/wp\/v2\/posts\/323\/revisions\/325"}],"wp:attachment":[{"href":"https:\/\/beck-finkbeiner.ch\/index.php?rest_route=%2Fwp%2Fv2%2Fmedia&parent=323"}],"wp:term":[{"taxonomy":"category","embeddable":true,"href":"https:\/\/beck-finkbeiner.ch\/index.php?rest_route=%2Fwp%2Fv2%2Fcategories&post=323"},{"taxonomy":"post_tag","embeddable":true,"href":"https:\/\/beck-finkbeiner.ch\/index.php?rest_route=%2Fwp%2Fv2%2Ftags&post=323"}],"curies":[{"name":"wp","href":"https:\/\/api.w.org\/{rel}","templated":true}]}}