{"id":310,"date":"2014-01-03T16:51:46","date_gmt":"2014-01-03T14:51:46","guid":{"rendered":"http:\/\/beck-finkbeiner.ch\/?p=310"},"modified":"2014-01-03T16:51:46","modified_gmt":"2014-01-03T14:51:46","slug":"fastenwaien","status":"publish","type":"post","link":"https:\/\/beck-finkbeiner.ch\/?p=310","title":{"rendered":"Fastenwaien"},"content":{"rendered":"<p>Ab heute haben wir wieder unsere feinen Fastenwaien im Sortiment, mit K\u00fcmmel oder auch mit Salz.<\/p>\n","protected":false},"excerpt":{"rendered":"<p>Ab heute haben wir wieder unsere feinen Fastenwaien im Sortiment, mit K\u00fcmmel oder auch mit Salz.<\/p>\n","protected":false},"author":1,"featured_media":0,"comment_status":"open","ping_status":"open","sticky":false,"template":"","format":"standard","meta":{"_acf_changed":false,"_crdt_document":"","ngg_post_thumbnail":0,"jetpack_post_was_ever_published":false,"_jetpack_newsletter_access":"","_jetpack_dont_email_post_to_subs":false,"_jetpack_newsletter_tier_id":0,"_jetpack_memberships_contains_paywalled_content":false,"_jetpack_memberships_contains_paid_content":false,"footnotes":"","jetpack_publicize_message":"","jetpack_publicize_feature_enabled":true,"jetpack_social_post_already_shared":false,"jetpack_social_options":{"image_generator_settings":{"template":"highway","default_image_id":0,"font":"","enabled":false},"version":2}},"categories":[1],"tags":[],"class_list":["post-310","post","type-post","status-publish","format-standard","hentry","category-allgemein"],"acf":[],"jetpack_publicize_connections":[],"jetpack_featured_media_url":"","jetpack_sharing_enabled":true,"jetpack_shortlink":"https:\/\/wp.me\/p7b9YP-50","jetpack-related-posts":[{"id":8287,"url":"https:\/\/beck-finkbeiner.ch\/?p=8287","url_meta":{"origin":310,"position":0},"title":"K\u00f6nigskuchen &#038; Fastenwaien","author":"Andi Finkbeiner","date":"3. Januar 2020","format":false,"excerpt":"Im neuen Jahr haben wir wieder Fastenwaien und auch die K\u00f6nigskuchenproduktion haben wir gestartet.","rel":"","context":"In &quot;Anl\u00e4sse&quot;","block_context":{"text":"Anl\u00e4sse","link":"https:\/\/beck-finkbeiner.ch\/?cat=6"},"img":{"alt_text":"","src":"https:\/\/i0.wp.com\/beck-finkbeiner.ch\/wp-content\/uploads\/2017\/01\/302_K%C3%B6nigkuchen_6erKrone.jpg?fit=1200%2C1200&ssl=1&resize=350%2C200","width":350,"height":200,"srcset":"https:\/\/i0.wp.com\/beck-finkbeiner.ch\/wp-content\/uploads\/2017\/01\/302_K%C3%B6nigkuchen_6erKrone.jpg?fit=1200%2C1200&ssl=1&resize=350%2C200 1x, https:\/\/i0.wp.com\/beck-finkbeiner.ch\/wp-content\/uploads\/2017\/01\/302_K%C3%B6nigkuchen_6erKrone.jpg?fit=1200%2C1200&ssl=1&resize=525%2C300 1.5x, https:\/\/i0.wp.com\/beck-finkbeiner.ch\/wp-content\/uploads\/2017\/01\/302_K%C3%B6nigkuchen_6erKrone.jpg?fit=1200%2C1200&ssl=1&resize=700%2C400 2x, https:\/\/i0.wp.com\/beck-finkbeiner.ch\/wp-content\/uploads\/2017\/01\/302_K%C3%B6nigkuchen_6erKrone.jpg?fit=1200%2C1200&ssl=1&resize=1050%2C600 3x"},"classes":[]},{"id":13692,"url":"https:\/\/beck-finkbeiner.ch\/?p=13692","url_meta":{"origin":310,"position":1},"title":"Faschtenwaien und Schenkeli","author":"Andi Finkbeiner","date":"7. Januar 2026","format":false,"excerpt":"Ab morgen werden bei uns die ersten Fastenwaien mit K\u00fcmmel oder Salz gebacken und ab Montag den 12. Januar sind auch Schenkeli bei uns erh\u00e4ltlich.","rel":"","context":"In &quot;Allgemein&quot;","block_context":{"text":"Allgemein","link":"https:\/\/beck-finkbeiner.ch\/?cat=1"},"img":{"alt_text":"","src":"https:\/\/i0.wp.com\/beck-finkbeiner.ch\/wp-content\/uploads\/2026\/01\/Fastenwaien3-edited.jpg?fit=1200%2C1200&ssl=1&resize=350%2C200","width":350,"height":200,"srcset":"https:\/\/i0.wp.com\/beck-finkbeiner.ch\/wp-content\/uploads\/2026\/01\/Fastenwaien3-edited.jpg?fit=1200%2C1200&ssl=1&resize=350%2C200 1x, https:\/\/i0.wp.com\/beck-finkbeiner.ch\/wp-content\/uploads\/2026\/01\/Fastenwaien3-edited.jpg?fit=1200%2C1200&ssl=1&resize=525%2C300 1.5x, https:\/\/i0.wp.com\/beck-finkbeiner.ch\/wp-content\/uploads\/2026\/01\/Fastenwaien3-edited.jpg?fit=1200%2C1200&ssl=1&resize=700%2C400 2x, https:\/\/i0.wp.com\/beck-finkbeiner.ch\/wp-content\/uploads\/2026\/01\/Fastenwaien3-edited.jpg?fit=1200%2C1200&ssl=1&resize=1050%2C600 3x"},"classes":[]},{"id":1070,"url":"https:\/\/beck-finkbeiner.ch\/?p=1070","url_meta":{"origin":310,"position":2},"title":"Wieder bei uns&#8230;","author":"Andi Finkbeiner","date":"1. Oktober 2014","format":false,"excerpt":"ab heute haben wir wieder Berliner, mit Konfi oder mit Vanillecreme. Ausserdem haben wir wieder Suppe und Vermicelles.","rel":"","context":"In &quot;Allgemein&quot;","block_context":{"text":"Allgemein","link":"https:\/\/beck-finkbeiner.ch\/?cat=1"},"img":{"alt_text":"2452_Berliner","src":"https:\/\/i0.wp.com\/beck-finkbeiner.ch\/wp-content\/uploads\/2014\/10\/2452_Berliner-300x154.png?resize=350%2C200","width":350,"height":200},"classes":[]},{"id":11449,"url":"https:\/\/beck-finkbeiner.ch\/?p=11449","url_meta":{"origin":310,"position":3},"title":"1. August","author":"Andi Finkbeiner","date":"29. Juli 2021","format":false,"excerpt":"Jetzt haben wir wieder unsere feinen 1. Augustweggli im Angebot.","rel":"","context":"In &quot;Anl\u00e4sse&quot;","block_context":{"text":"Anl\u00e4sse","link":"https:\/\/beck-finkbeiner.ch\/?cat=6"},"img":{"alt_text":"","src":"https:\/\/i0.wp.com\/beck-finkbeiner.ch\/wp-content\/uploads\/2020\/07\/292-1.Augustweggli-klein-2.jpg?fit=768%2C960&ssl=1&resize=350%2C200","width":350,"height":200,"srcset":"https:\/\/i0.wp.com\/beck-finkbeiner.ch\/wp-content\/uploads\/2020\/07\/292-1.Augustweggli-klein-2.jpg?fit=768%2C960&ssl=1&resize=350%2C200 1x, https:\/\/i0.wp.com\/beck-finkbeiner.ch\/wp-content\/uploads\/2020\/07\/292-1.Augustweggli-klein-2.jpg?fit=768%2C960&ssl=1&resize=525%2C300 1.5x, https:\/\/i0.wp.com\/beck-finkbeiner.ch\/wp-content\/uploads\/2020\/07\/292-1.Augustweggli-klein-2.jpg?fit=768%2C960&ssl=1&resize=700%2C400 2x"},"classes":[]},{"id":2739,"url":"https:\/\/beck-finkbeiner.ch\/?p=2739","url_meta":{"origin":310,"position":4},"title":"Fastenwaien &#038; Schenkeli","author":"Andi Finkbeiner","date":"8. Januar 2018","format":false,"excerpt":"Wir haben wieder feine Fastenwaien und Schenkeli \" order_by=\"filename\" order_direction=\"DESC\" returns=\"included\" maximum_entity_count=\"500\"]","rel":"","context":"In &quot;Allgemein&quot;","block_context":{"text":"Allgemein","link":"https:\/\/beck-finkbeiner.ch\/?cat=1"},"img":{"alt_text":"","src":"https:\/\/i0.wp.com\/beck-finkbeiner.ch\/wp-content\/uploads\/2018\/01\/imag1148917474082-e1515395793625.jpg?fit=1200%2C1200&ssl=1&resize=350%2C200","width":350,"height":200,"srcset":"https:\/\/i0.wp.com\/beck-finkbeiner.ch\/wp-content\/uploads\/2018\/01\/imag1148917474082-e1515395793625.jpg?fit=1200%2C1200&ssl=1&resize=350%2C200 1x, https:\/\/i0.wp.com\/beck-finkbeiner.ch\/wp-content\/uploads\/2018\/01\/imag1148917474082-e1515395793625.jpg?fit=1200%2C1200&ssl=1&resize=525%2C300 1.5x, https:\/\/i0.wp.com\/beck-finkbeiner.ch\/wp-content\/uploads\/2018\/01\/imag1148917474082-e1515395793625.jpg?fit=1200%2C1200&ssl=1&resize=700%2C400 2x, https:\/\/i0.wp.com\/beck-finkbeiner.ch\/wp-content\/uploads\/2018\/01\/imag1148917474082-e1515395793625.jpg?fit=1200%2C1200&ssl=1&resize=1050%2C600 3x"},"classes":[]},{"id":10635,"url":"https:\/\/beck-finkbeiner.ch\/?p=10635","url_meta":{"origin":310,"position":5},"title":"1. August","author":"Andi Finkbeiner","date":"27. Juli 2020","format":false,"excerpt":"Ab morgen haben wir wieder unsere feinen 1. Augustweggli im Angebot. Am 31. Juli backen wir auch grosse Weggen aus Zopf- oder UrDinkelteig. G\u00f6nnen Sie sich und Ihren G\u00e4sten diese Spezialit\u00e4t. Am 1. August sind unsere Gesch\u00e4fte geschlossen. Wir w\u00fcnschen Ihnen bereits jetzt einen sch\u00f6nen Nationalfeiertag. Euer Finki-Team","rel":"","context":"In &quot;Aktion&quot;","block_context":{"text":"Aktion","link":"https:\/\/beck-finkbeiner.ch\/?cat=5"},"img":{"alt_text":"","src":"https:\/\/i0.wp.com\/beck-finkbeiner.ch\/wp-content\/uploads\/2020\/07\/292-1.Augustweggli-klein-2.jpg?fit=768%2C960&ssl=1&resize=350%2C200","width":350,"height":200,"srcset":"https:\/\/i0.wp.com\/beck-finkbeiner.ch\/wp-content\/uploads\/2020\/07\/292-1.Augustweggli-klein-2.jpg?fit=768%2C960&ssl=1&resize=350%2C200 1x, https:\/\/i0.wp.com\/beck-finkbeiner.ch\/wp-content\/uploads\/2020\/07\/292-1.Augustweggli-klein-2.jpg?fit=768%2C960&ssl=1&resize=525%2C300 1.5x, https:\/\/i0.wp.com\/beck-finkbeiner.ch\/wp-content\/uploads\/2020\/07\/292-1.Augustweggli-klein-2.jpg?fit=768%2C960&ssl=1&resize=700%2C400 2x"},"classes":[]}],"jetpack_likes_enabled":false,"_links":{"self":[{"href":"https:\/\/beck-finkbeiner.ch\/index.php?rest_route=\/wp\/v2\/posts\/310","targetHints":{"allow":["GET"]}}],"collection":[{"href":"https:\/\/beck-finkbeiner.ch\/index.php?rest_route=\/wp\/v2\/posts"}],"about":[{"href":"https:\/\/beck-finkbeiner.ch\/index.php?rest_route=\/wp\/v2\/types\/post"}],"author":[{"embeddable":true,"href":"https:\/\/beck-finkbeiner.ch\/index.php?rest_route=\/wp\/v2\/users\/1"}],"replies":[{"embeddable":true,"href":"https:\/\/beck-finkbeiner.ch\/index.php?rest_route=%2Fwp%2Fv2%2Fcomments&post=310"}],"version-history":[{"count":1,"href":"https:\/\/beck-finkbeiner.ch\/index.php?rest_route=\/wp\/v2\/posts\/310\/revisions"}],"predecessor-version":[{"id":311,"href":"https:\/\/beck-finkbeiner.ch\/index.php?rest_route=\/wp\/v2\/posts\/310\/revisions\/311"}],"wp:attachment":[{"href":"https:\/\/beck-finkbeiner.ch\/index.php?rest_route=%2Fwp%2Fv2%2Fmedia&parent=310"}],"wp:term":[{"taxonomy":"category","embeddable":true,"href":"https:\/\/beck-finkbeiner.ch\/index.php?rest_route=%2Fwp%2Fv2%2Fcategories&post=310"},{"taxonomy":"post_tag","embeddable":true,"href":"https:\/\/beck-finkbeiner.ch\/index.php?rest_route=%2Fwp%2Fv2%2Ftags&post=310"}],"curies":[{"name":"wp","href":"https:\/\/api.w.org\/{rel}","templated":true}]}}