{"id":308,"date":"2014-01-03T18:06:02","date_gmt":"2014-01-03T16:06:02","guid":{"rendered":"http:\/\/beck-finkbeiner.ch\/?p=308"},"modified":"2014-01-03T18:24:27","modified_gmt":"2014-01-03T16:24:27","slug":"dreikoenigskuchen","status":"publish","type":"post","link":"https:\/\/beck-finkbeiner.ch\/?p=308","title":{"rendered":"Dreik\u00f6nigstag"},"content":{"rendered":"<p>Auch dieses Jahr backen wir wieder Dreik\u00f6nigskuchen f\u00fcr Sie:<\/p>\n<ul>\n<li>klein 6 Teile<\/li>\n<li>mittel 8 Teile<\/li>\n<li>gross 10 Teile<\/li>\n<\/ul>\n<p>Traditionell mit Zucker und Mandeln, mit Speck oder mit Schoggist\u00fcckli.<\/p>\n<p>Weitere Gr\u00f6ssen auf Anfrage<\/p>\n<p><strong>Am Montag den 6. Januar, haben wir auch unsere Filiale in Pratteln ge\u00f6ffnet.<\/strong><\/p>\n<p>&nbsp;<\/p>\n","protected":false},"excerpt":{"rendered":"<p>Auch dieses Jahr backen wir wieder Dreik\u00f6nigskuchen f\u00fcr Sie: klein 6 Teile mittel 8 Teile gross 10 Teile Traditionell mit Zucker und Mandeln, mit Speck oder mit Schoggist\u00fcckli. Weitere Gr\u00f6ssen auf Anfrage Am Montag den 6. Januar, haben wir auch unsere Filiale in Pratteln ge\u00f6ffnet. &nbsp;<\/p>\n","protected":false},"author":1,"featured_media":0,"comment_status":"open","ping_status":"open","sticky":false,"template":"","format":"standard","meta":{"_acf_changed":false,"_crdt_document":"","ngg_post_thumbnail":0,"jetpack_post_was_ever_published":false,"_jetpack_newsletter_access":"","_jetpack_dont_email_post_to_subs":false,"_jetpack_newsletter_tier_id":0,"_jetpack_memberships_contains_paywalled_content":false,"_jetpack_memberships_contains_paid_content":false,"footnotes":"","jetpack_publicize_message":"","jetpack_publicize_feature_enabled":true,"jetpack_social_post_already_shared":false,"jetpack_social_options":{"image_generator_settings":{"template":"highway","default_image_id":0,"font":"","enabled":false},"version":2}},"categories":[1],"tags":[],"class_list":["post-308","post","type-post","status-publish","format-standard","hentry","category-allgemein"],"acf":[],"jetpack_publicize_connections":[],"jetpack_featured_media_url":"","jetpack_sharing_enabled":true,"jetpack_shortlink":"https:\/\/wp.me\/p7b9YP-4Y","jetpack-related-posts":[{"id":8287,"url":"https:\/\/beck-finkbeiner.ch\/?p=8287","url_meta":{"origin":308,"position":0},"title":"K\u00f6nigskuchen &#038; Fastenwaien","author":"Andi Finkbeiner","date":"3. Januar 2020","format":false,"excerpt":"Im neuen Jahr haben wir wieder Fastenwaien und auch die K\u00f6nigskuchenproduktion haben wir gestartet.","rel":"","context":"In &quot;Anl\u00e4sse&quot;","block_context":{"text":"Anl\u00e4sse","link":"https:\/\/beck-finkbeiner.ch\/?cat=6"},"img":{"alt_text":"","src":"https:\/\/i0.wp.com\/beck-finkbeiner.ch\/wp-content\/uploads\/2017\/01\/302_K%C3%B6nigkuchen_6erKrone.jpg?fit=1200%2C1200&ssl=1&resize=350%2C200","width":350,"height":200,"srcset":"https:\/\/i0.wp.com\/beck-finkbeiner.ch\/wp-content\/uploads\/2017\/01\/302_K%C3%B6nigkuchen_6erKrone.jpg?fit=1200%2C1200&ssl=1&resize=350%2C200 1x, https:\/\/i0.wp.com\/beck-finkbeiner.ch\/wp-content\/uploads\/2017\/01\/302_K%C3%B6nigkuchen_6erKrone.jpg?fit=1200%2C1200&ssl=1&resize=525%2C300 1.5x, https:\/\/i0.wp.com\/beck-finkbeiner.ch\/wp-content\/uploads\/2017\/01\/302_K%C3%B6nigkuchen_6erKrone.jpg?fit=1200%2C1200&ssl=1&resize=700%2C400 2x, https:\/\/i0.wp.com\/beck-finkbeiner.ch\/wp-content\/uploads\/2017\/01\/302_K%C3%B6nigkuchen_6erKrone.jpg?fit=1200%2C1200&ssl=1&resize=1050%2C600 3x"},"classes":[]},{"id":1192,"url":"https:\/\/beck-finkbeiner.ch\/?p=1192","url_meta":{"origin":308,"position":1},"title":"Kundeninfo","author":"Andi Finkbeiner","date":"19. Juni 2015","format":false,"excerpt":"Aufgrund des schlechten Wetters letztes Jahr ist Getreidequalit\u00e4t der Ernte 2014 ziemlich schlecht ausgefallen, das ist der Hauptgrund, dass wir die Mehl - Lieferungen nicht in der Qualit\u00e4t beziehen k\u00f6nnen, die unseren Erwartungen entsprechen. Die M\u00fchlen halten ihre Getreidevorr\u00e4te so, dass sie, wenn eine schlechte Ernte reinkommt, noch m\u00f6glichst lange\u2026","rel":"","context":"In &quot;Allgemein&quot;","block_context":{"text":"Allgemein","link":"https:\/\/beck-finkbeiner.ch\/?cat=1"},"img":{"alt_text":"","src":"","width":0,"height":0},"classes":[]},{"id":310,"url":"https:\/\/beck-finkbeiner.ch\/?p=310","url_meta":{"origin":308,"position":2},"title":"Fastenwaien","author":"Andi Finkbeiner","date":"3. Januar 2014","format":false,"excerpt":"Ab heute haben wir wieder unsere feinen Fastenwaien im Sortiment, mit K\u00fcmmel oder auch mit Salz.","rel":"","context":"In &quot;Allgemein&quot;","block_context":{"text":"Allgemein","link":"https:\/\/beck-finkbeiner.ch\/?cat=1"},"img":{"alt_text":"","src":"","width":0,"height":0},"classes":[]},{"id":1810,"url":"https:\/\/beck-finkbeiner.ch\/?p=1810","url_meta":{"origin":308,"position":3},"title":"Weihnachtsmarkt Liestal","author":"Andi Finkbeiner","date":"10. Dezember 2016","format":false,"excerpt":"Auch dieses Jahr sind wir wieder mit einem Stand am Lieschtler Weihnachtsm\u00e4rt vertreten. Auf einen Besuch von Ihnen freuen wir uns.","rel":"","context":"In &quot;Anl\u00e4sse&quot;","block_context":{"text":"Anl\u00e4sse","link":"https:\/\/beck-finkbeiner.ch\/?cat=6"},"img":{"alt_text":"","src":"https:\/\/i0.wp.com\/beck-finkbeiner.ch\/wp-content\/uploads\/2016\/12\/wp-1481390072792.jpg?resize=350%2C200","width":350,"height":200,"srcset":"https:\/\/i0.wp.com\/beck-finkbeiner.ch\/wp-content\/uploads\/2016\/12\/wp-1481390072792.jpg?resize=350%2C200 1x, https:\/\/i0.wp.com\/beck-finkbeiner.ch\/wp-content\/uploads\/2016\/12\/wp-1481390072792.jpg?resize=525%2C300 1.5x, https:\/\/i0.wp.com\/beck-finkbeiner.ch\/wp-content\/uploads\/2016\/12\/wp-1481390072792.jpg?resize=700%2C400 2x, https:\/\/i0.wp.com\/beck-finkbeiner.ch\/wp-content\/uploads\/2016\/12\/wp-1481390072792.jpg?resize=1050%2C600 3x, https:\/\/i0.wp.com\/beck-finkbeiner.ch\/wp-content\/uploads\/2016\/12\/wp-1481390072792.jpg?resize=1400%2C800 4x"},"classes":[]},{"id":10465,"url":"https:\/\/beck-finkbeiner.ch\/?p=10465","url_meta":{"origin":308,"position":4},"title":"Hamsterk\u00e4ufe","author":"Andi Finkbeiner","date":"20. M\u00e4rz 2020","format":false,"excerpt":"Liebe Kunden,bei der Berechnung unserer Produktionsmengen sind wir bestrebt, dass auch Kunden die am Abend vorbeikommen noch eine gewisse Auswahl an Brot, Br\u00f6tchen und S\u00fcssgeb\u00e4ck vorfinden. In den letzten Wochen haben wir starke Schwankungen bei der Nachfrage erfahren, die uns die Planung erschweren. Je nach Einschr\u00e4nkungen der Beh\u00f6rden und Nachrichtenlage\u2026","rel":"","context":"In &quot;Allgemein&quot;","block_context":{"text":"Allgemein","link":"https:\/\/beck-finkbeiner.ch\/?cat=1"},"img":{"alt_text":"","src":"","width":0,"height":0},"classes":[]},{"id":5111,"url":"https:\/\/beck-finkbeiner.ch\/?p=5111","url_meta":{"origin":308,"position":5},"title":"Stadtfest Liestal &#8211; Liestal fand Stadt","author":"Andi Finkbeiner","date":"11. September 2019","format":false,"excerpt":"Das Stadtfest Liestal haben wir gut gemeistert. Wir durften viele G\u00e4ste mit Kaffee und einem s\u00fcssen Dessert, einem Snack oder leckeren Suppe verk\u00f6stigen. Am Samstag wartete eine spannende Herausforderung auf uns. Zusammen mit der B\u00e4ckerei Ziegler und der Confiserie Aebischer produzierten wir mitten im St\u00e4dtli als Attraktion vom Stadtfest Liestal\u2026","rel":"","context":"In &quot;Anl\u00e4sse&quot;","block_context":{"text":"Anl\u00e4sse","link":"https:\/\/beck-finkbeiner.ch\/?cat=6"},"img":{"alt_text":"","src":"https:\/\/i0.wp.com\/beck-finkbeiner.ch\/wp-content\/uploads\/2019\/09\/2019-09-07-15.13.43.jpg?fit=675%2C1200&ssl=1&resize=350%2C200","width":350,"height":200,"srcset":"https:\/\/i0.wp.com\/beck-finkbeiner.ch\/wp-content\/uploads\/2019\/09\/2019-09-07-15.13.43.jpg?fit=675%2C1200&ssl=1&resize=350%2C200 1x, https:\/\/i0.wp.com\/beck-finkbeiner.ch\/wp-content\/uploads\/2019\/09\/2019-09-07-15.13.43.jpg?fit=675%2C1200&ssl=1&resize=525%2C300 1.5x"},"classes":[]}],"jetpack_likes_enabled":false,"_links":{"self":[{"href":"https:\/\/beck-finkbeiner.ch\/index.php?rest_route=\/wp\/v2\/posts\/308","targetHints":{"allow":["GET"]}}],"collection":[{"href":"https:\/\/beck-finkbeiner.ch\/index.php?rest_route=\/wp\/v2\/posts"}],"about":[{"href":"https:\/\/beck-finkbeiner.ch\/index.php?rest_route=\/wp\/v2\/types\/post"}],"author":[{"embeddable":true,"href":"https:\/\/beck-finkbeiner.ch\/index.php?rest_route=\/wp\/v2\/users\/1"}],"replies":[{"embeddable":true,"href":"https:\/\/beck-finkbeiner.ch\/index.php?rest_route=%2Fwp%2Fv2%2Fcomments&post=308"}],"version-history":[{"count":5,"href":"https:\/\/beck-finkbeiner.ch\/index.php?rest_route=\/wp\/v2\/posts\/308\/revisions"}],"predecessor-version":[{"id":316,"href":"https:\/\/beck-finkbeiner.ch\/index.php?rest_route=\/wp\/v2\/posts\/308\/revisions\/316"}],"wp:attachment":[{"href":"https:\/\/beck-finkbeiner.ch\/index.php?rest_route=%2Fwp%2Fv2%2Fmedia&parent=308"}],"wp:term":[{"taxonomy":"category","embeddable":true,"href":"https:\/\/beck-finkbeiner.ch\/index.php?rest_route=%2Fwp%2Fv2%2Fcategories&post=308"},{"taxonomy":"post_tag","embeddable":true,"href":"https:\/\/beck-finkbeiner.ch\/index.php?rest_route=%2Fwp%2Fv2%2Ftags&post=308"}],"curies":[{"name":"wp","href":"https:\/\/api.w.org\/{rel}","templated":true}]}}