{"id":304,"date":"2013-12-24T18:39:24","date_gmt":"2013-12-24T16:39:24","guid":{"rendered":"http:\/\/beck-finkbeiner.ch\/?p=304"},"modified":"2013-12-24T18:39:24","modified_gmt":"2013-12-24T16:39:24","slug":"2014","status":"publish","type":"post","link":"https:\/\/beck-finkbeiner.ch\/?p=304","title":{"rendered":"2014"},"content":{"rendered":"<p>Am 1. &amp; 2. Januar bleibt unser Gesch\u00e4ft geschlossen, wir freuen uns Sie am 3. Januar bei uns zu begr\u00fcssen.<\/p>\n<p>Wir w\u00fcnschen Ihnen frohe Festage und einen guten Rutsch ins neue Jahr 2014.<\/p>\n","protected":false},"excerpt":{"rendered":"<p>Am 1. &amp; 2. Januar bleibt unser Gesch\u00e4ft geschlossen, wir freuen uns Sie am 3. Januar bei uns zu begr\u00fcssen. Wir w\u00fcnschen Ihnen frohe Festage und einen guten Rutsch ins neue Jahr 2014.<\/p>\n","protected":false},"author":1,"featured_media":0,"comment_status":"open","ping_status":"open","sticky":false,"template":"","format":"standard","meta":{"_acf_changed":false,"_crdt_document":"","ngg_post_thumbnail":0,"jetpack_post_was_ever_published":false,"_jetpack_newsletter_access":"","_jetpack_dont_email_post_to_subs":false,"_jetpack_newsletter_tier_id":0,"_jetpack_memberships_contains_paywalled_content":false,"_jetpack_memberships_contains_paid_content":false,"footnotes":"","jetpack_publicize_message":"","jetpack_publicize_feature_enabled":true,"jetpack_social_post_already_shared":false,"jetpack_social_options":{"image_generator_settings":{"template":"highway","default_image_id":0,"font":"","enabled":false},"version":2}},"categories":[1],"tags":[],"class_list":["post-304","post","type-post","status-publish","format-standard","hentry","category-allgemein"],"acf":[],"jetpack_publicize_connections":[],"jetpack_featured_media_url":"","jetpack_sharing_enabled":true,"jetpack_shortlink":"https:\/\/wp.me\/s7b9YP-2014","jetpack-related-posts":[{"id":11639,"url":"https:\/\/beck-finkbeiner.ch\/?p=11639","url_meta":{"origin":304,"position":0},"title":"Silvester","author":"Andi Finkbeiner","date":"31. Dezember 2021","format":false,"excerpt":"Wir w\u00fcnschen allen einen guten Rutsch ins neue Jahr und bleiben Sie gesund. Heute sind wir noch bis 16.00 Uhr\u00a0 (in Pratteln bis 13.00 Uhr) f\u00fcr sie da.Im 2022 freuen wir uns auf Sie ab dem 3. (Pratteln 4.) Januar.","rel":"","context":"In &quot;Anl\u00e4sse&quot;","block_context":{"text":"Anl\u00e4sse","link":"https:\/\/beck-finkbeiner.ch\/?cat=6"},"img":{"alt_text":"","src":"https:\/\/i0.wp.com\/beck-finkbeiner.ch\/wp-content\/uploads\/2021\/12\/fb_img_16409418020747056756072516874084.jpg?resize=350%2C200&ssl=1","width":350,"height":200,"srcset":"https:\/\/i0.wp.com\/beck-finkbeiner.ch\/wp-content\/uploads\/2021\/12\/fb_img_16409418020747056756072516874084.jpg?resize=350%2C200&ssl=1 1x, https:\/\/i0.wp.com\/beck-finkbeiner.ch\/wp-content\/uploads\/2021\/12\/fb_img_16409418020747056756072516874084.jpg?resize=525%2C300&ssl=1 1.5x, https:\/\/i0.wp.com\/beck-finkbeiner.ch\/wp-content\/uploads\/2021\/12\/fb_img_16409418020747056756072516874084.jpg?resize=700%2C400&ssl=1 2x, https:\/\/i0.wp.com\/beck-finkbeiner.ch\/wp-content\/uploads\/2021\/12\/fb_img_16409418020747056756072516874084.jpg?resize=1050%2C600&ssl=1 3x"},"classes":[]},{"id":1117,"url":"https:\/\/beck-finkbeiner.ch\/?p=1117","url_meta":{"origin":304,"position":1},"title":"Preisanpassung per 1. Januar 2015","author":"Andi Finkbeiner","date":"4. Dezember 2014","format":false,"excerpt":"Gesch\u00e4tzte Kunden Aufgrund diverser Kostenfaktoren sind wir gezwungen, unsere Preise etwas zu erh\u00f6hen. Mehlpreise Die Ernte im vergangenen Jahr war schlecht und musste zum Teil mit teurem Premiumweizen erg\u00e4nzt werden um die gewohnt gute Mehlqualit\u00e4t zu erhalten. Die Mehlpreise wurden demzufolge schon per 1. Dezember erh\u00f6ht. Haselnuss und Mandeln Die\u2026","rel":"","context":"In &quot;Allgemein&quot;","block_context":{"text":"Allgemein","link":"https:\/\/beck-finkbeiner.ch\/?cat=1"},"img":{"alt_text":"","src":"","width":0,"height":0},"classes":[]},{"id":1862,"url":"https:\/\/beck-finkbeiner.ch\/?p=1862","url_meta":{"origin":304,"position":2},"title":"Wir backen frische K\u00f6nige","author":"Andi Finkbeiner","date":"4. Januar 2017","format":false,"excerpt":"in verschiedenen Gr\u00f6ssen bei uns erh\u00e4ltlich, am 6. Januar auch mit Schoggi oder Speck! \u00a0","rel":"","context":"In &quot;Aktion&quot;","block_context":{"text":"Aktion","link":"https:\/\/beck-finkbeiner.ch\/?cat=5"},"img":{"alt_text":"","src":"https:\/\/i0.wp.com\/beck-finkbeiner.ch\/wp-content\/uploads\/2017\/01\/302_K%C3%B6nigkuchen_6erKrone-300x300.jpg?resize=350%2C200","width":350,"height":200},"classes":[]},{"id":323,"url":"https:\/\/beck-finkbeiner.ch\/?p=323","url_meta":{"origin":304,"position":3},"title":"Ab sofort wieder bei uns im Angebot","author":"Andi Finkbeiner","date":"6. Januar 2014","format":false,"excerpt":"Ab Dienstag 7. Januar haben wir wieder Berliner, Schenkeli & Donuts im Angebot","rel":"","context":"In &quot;Allgemein&quot;","block_context":{"text":"Allgemein","link":"https:\/\/beck-finkbeiner.ch\/?cat=1"},"img":{"alt_text":"","src":"","width":0,"height":0},"classes":[]},{"id":11641,"url":"https:\/\/beck-finkbeiner.ch\/?p=11641","url_meta":{"origin":304,"position":4},"title":"Verk\u00fcrzte \u00d6ffnungszeiten","author":"Andi Finkbeiner","date":"31. Dezember 2021","format":false,"excerpt":"Liebe KundenDie Weihnachtszeit war wie gewohnt arbeitsreich aber wir haben sie trotz einigen Krankheitsf\u00e4llen, mit viel Einsatz unserer Verk\u00e4uferinnen und B\u00e4cker\/innen meistern k\u00f6nnen. Leider m\u00fcssen wir am Jahresanfang mit weniger Verk\u00e4uferinnen auskommen als f\u00fcr einen normalen Betrieb n\u00f6tig w\u00e4re. Deshalb sind wir gezwungen unsere \u00d6ffnungszeiten in Liestal in den ersten\u2026","rel":"","context":"In &quot;Allgemein&quot;","block_context":{"text":"Allgemein","link":"https:\/\/beck-finkbeiner.ch\/?cat=1"},"img":{"alt_text":"","src":"","width":0,"height":0},"classes":[]},{"id":11621,"url":"https:\/\/beck-finkbeiner.ch\/?p=11621","url_meta":{"origin":304,"position":5},"title":"\u00d6ffnungszeiten \u00fcber die Feiertage","author":"Andi Finkbeiner","date":"22. Dezember 2021","format":false,"excerpt":"Liebe Kunden Wir danken Ihnen herzlich f\u00fcr Ihre Treue, in diesem sehr speziellen Jahr und hoffen Sie auch weiterhin zu unsere Kunden z\u00e4hlen zu d\u00fcrfen.\u00dcber die Festtage, vom 24. Dezember 2021 bis 2. Januar 2022, haben wir folgende \u00d6ffnungszeiten: Liestal Fr24. DezemberHeiligabendbis 16.00 UhrSa & So25. & 26. DezemberWeihnachten &\u2026","rel":"","context":"In &quot;Anl\u00e4sse&quot;","block_context":{"text":"Anl\u00e4sse","link":"https:\/\/beck-finkbeiner.ch\/?cat=6"},"img":{"alt_text":"","src":"https:\/\/i0.wp.com\/beck-finkbeiner.ch\/wp-content\/uploads\/2021\/12\/oeffnungszeiten-Festtage.png?fit=810%2C809&ssl=1&resize=350%2C200","width":350,"height":200,"srcset":"https:\/\/i0.wp.com\/beck-finkbeiner.ch\/wp-content\/uploads\/2021\/12\/oeffnungszeiten-Festtage.png?fit=810%2C809&ssl=1&resize=350%2C200 1x, https:\/\/i0.wp.com\/beck-finkbeiner.ch\/wp-content\/uploads\/2021\/12\/oeffnungszeiten-Festtage.png?fit=810%2C809&ssl=1&resize=525%2C300 1.5x, https:\/\/i0.wp.com\/beck-finkbeiner.ch\/wp-content\/uploads\/2021\/12\/oeffnungszeiten-Festtage.png?fit=810%2C809&ssl=1&resize=700%2C400 2x"},"classes":[]}],"jetpack_likes_enabled":false,"_links":{"self":[{"href":"https:\/\/beck-finkbeiner.ch\/index.php?rest_route=\/wp\/v2\/posts\/304","targetHints":{"allow":["GET"]}}],"collection":[{"href":"https:\/\/beck-finkbeiner.ch\/index.php?rest_route=\/wp\/v2\/posts"}],"about":[{"href":"https:\/\/beck-finkbeiner.ch\/index.php?rest_route=\/wp\/v2\/types\/post"}],"author":[{"embeddable":true,"href":"https:\/\/beck-finkbeiner.ch\/index.php?rest_route=\/wp\/v2\/users\/1"}],"replies":[{"embeddable":true,"href":"https:\/\/beck-finkbeiner.ch\/index.php?rest_route=%2Fwp%2Fv2%2Fcomments&post=304"}],"version-history":[{"count":2,"href":"https:\/\/beck-finkbeiner.ch\/index.php?rest_route=\/wp\/v2\/posts\/304\/revisions"}],"predecessor-version":[{"id":306,"href":"https:\/\/beck-finkbeiner.ch\/index.php?rest_route=\/wp\/v2\/posts\/304\/revisions\/306"}],"wp:attachment":[{"href":"https:\/\/beck-finkbeiner.ch\/index.php?rest_route=%2Fwp%2Fv2%2Fmedia&parent=304"}],"wp:term":[{"taxonomy":"category","embeddable":true,"href":"https:\/\/beck-finkbeiner.ch\/index.php?rest_route=%2Fwp%2Fv2%2Fcategories&post=304"},{"taxonomy":"post_tag","embeddable":true,"href":"https:\/\/beck-finkbeiner.ch\/index.php?rest_route=%2Fwp%2Fv2%2Ftags&post=304"}],"curies":[{"name":"wp","href":"https:\/\/api.w.org\/{rel}","templated":true}]}}