{"id":270,"date":"2013-12-12T12:31:26","date_gmt":"2013-12-12T10:31:26","guid":{"rendered":"http:\/\/beck-finkbeiner.ch\/?p=270"},"modified":"2013-12-12T12:31:26","modified_gmt":"2013-12-12T10:31:26","slug":"weihnachtsmarkt-in-liestal","status":"publish","type":"post","link":"https:\/\/beck-finkbeiner.ch\/?p=270","title":{"rendered":"Weihnachtsmarkt in Liestal"},"content":{"rendered":"<p><a href=\"https:\/\/i0.wp.com\/beck-finkbeiner.ch\/wp-content\/uploads\/2013\/12\/IMAG0460.jpg\"><img data-recalc-dims=\"1\" loading=\"lazy\" decoding=\"async\" data-attachment-id=\"271\" data-permalink=\"https:\/\/beck-finkbeiner.ch\/?attachment_id=271\" data-orig-file=\"https:\/\/i0.wp.com\/beck-finkbeiner.ch\/wp-content\/uploads\/2013\/12\/IMAG0460.jpg?fit=2688%2C1520&amp;ssl=1\" data-orig-size=\"2688,1520\" data-comments-opened=\"1\" data-image-meta=\"{&quot;aperture&quot;:&quot;2&quot;,&quot;credit&quot;:&quot;&quot;,&quot;camera&quot;:&quot;HTC One&quot;,&quot;caption&quot;:&quot;&quot;,&quot;created_timestamp&quot;:&quot;1386788539&quot;,&quot;copyright&quot;:&quot;&quot;,&quot;focal_length&quot;:&quot;3.82&quot;,&quot;iso&quot;:&quot;125&quot;,&quot;shutter_speed&quot;:&quot;0.01&quot;,&quot;title&quot;:&quot;&quot;}\" data-image-title=\"Liestal_Schaufenster_Dez\" data-image-description=\"\" data-image-caption=\"\" data-large-file=\"https:\/\/i0.wp.com\/beck-finkbeiner.ch\/wp-content\/uploads\/2013\/12\/IMAG0460.jpg?fit=980%2C554&amp;ssl=1\" class=\"alignnone size-medium wp-image-271\" alt=\"Liestal_Schaufenster_Dez\" src=\"https:\/\/i0.wp.com\/beck-finkbeiner.ch\/wp-content\/uploads\/2013\/12\/IMAG0460-300x169.jpg?resize=300%2C169\" width=\"300\" height=\"169\" srcset=\"https:\/\/i0.wp.com\/beck-finkbeiner.ch\/wp-content\/uploads\/2013\/12\/IMAG0460.jpg?resize=300%2C169&amp;ssl=1 300w, https:\/\/i0.wp.com\/beck-finkbeiner.ch\/wp-content\/uploads\/2013\/12\/IMAG0460.jpg?resize=1024%2C579&amp;ssl=1 1024w, https:\/\/i0.wp.com\/beck-finkbeiner.ch\/wp-content\/uploads\/2013\/12\/IMAG0460.jpg?resize=500%2C282&amp;ssl=1 500w, https:\/\/i0.wp.com\/beck-finkbeiner.ch\/wp-content\/uploads\/2013\/12\/IMAG0460.jpg?w=1960&amp;ssl=1 1960w\" sizes=\"auto, (max-width: 300px) 100vw, 300px\" \/><\/a><\/p>\n<p>Besuchen Sie uns am Weihnachtsmarkt in Liestal, vom Freitag 13. bis Sonntag 15. Dezember.<\/p>\n","protected":false},"excerpt":{"rendered":"<p>Besuchen Sie uns am Weihnachtsmarkt in Liestal, vom Freitag 13. bis Sonntag 15. Dezember.<\/p>\n","protected":false},"author":1,"featured_media":0,"comment_status":"open","ping_status":"open","sticky":false,"template":"","format":"standard","meta":{"_acf_changed":false,"_crdt_document":"","ngg_post_thumbnail":0,"jetpack_post_was_ever_published":false,"_jetpack_newsletter_access":"","_jetpack_dont_email_post_to_subs":false,"_jetpack_newsletter_tier_id":0,"_jetpack_memberships_contains_paywalled_content":false,"_jetpack_memberships_contains_paid_content":false,"footnotes":"","jetpack_publicize_message":"","jetpack_publicize_feature_enabled":true,"jetpack_social_post_already_shared":false,"jetpack_social_options":{"image_generator_settings":{"template":"highway","default_image_id":0,"font":"","enabled":false},"version":2}},"categories":[6],"tags":[],"class_list":["post-270","post","type-post","status-publish","format-standard","hentry","category-anlaesse"],"acf":[],"jetpack_publicize_connections":[],"jetpack_featured_media_url":"","jetpack_sharing_enabled":true,"jetpack_shortlink":"https:\/\/wp.me\/p7b9YP-4m","jetpack-related-posts":[{"id":11605,"url":"https:\/\/beck-finkbeiner.ch\/?p=11605","url_meta":{"origin":270,"position":0},"title":"Sonntagsverkauf in Liestal am 12. Dezember","author":"Andi Finkbeiner","date":"8. Dezember 2021","format":false,"excerpt":"Trotz dem abgesagten Weihnachtsmarkt in Liestal, der heute begonnen h\u00e4tte, haben wir am n\u00e4chsten Sonntag ge\u00f6ffnet.\u00a0 Von 11.00 bis maximal 18.00 Uhr werden wir f\u00fcr Sie da sein.","rel":"","context":"In &quot;Anl\u00e4sse&quot;","block_context":{"text":"Anl\u00e4sse","link":"https:\/\/beck-finkbeiner.ch\/?cat=6"},"img":{"alt_text":"","src":"https:\/\/i0.wp.com\/beck-finkbeiner.ch\/wp-content\/uploads\/2021\/12\/wp-16389853958257254989835692210827.jpg?fit=1200%2C1200&ssl=1&resize=350%2C200","width":350,"height":200,"srcset":"https:\/\/i0.wp.com\/beck-finkbeiner.ch\/wp-content\/uploads\/2021\/12\/wp-16389853958257254989835692210827.jpg?fit=1200%2C1200&ssl=1&resize=350%2C200 1x, https:\/\/i0.wp.com\/beck-finkbeiner.ch\/wp-content\/uploads\/2021\/12\/wp-16389853958257254989835692210827.jpg?fit=1200%2C1200&ssl=1&resize=525%2C300 1.5x, https:\/\/i0.wp.com\/beck-finkbeiner.ch\/wp-content\/uploads\/2021\/12\/wp-16389853958257254989835692210827.jpg?fit=1200%2C1200&ssl=1&resize=700%2C400 2x, https:\/\/i0.wp.com\/beck-finkbeiner.ch\/wp-content\/uploads\/2021\/12\/wp-16389853958257254989835692210827.jpg?fit=1200%2C1200&ssl=1&resize=1050%2C600 3x"},"classes":[]},{"id":11995,"url":"https:\/\/beck-finkbeiner.ch\/?p=11995","url_meta":{"origin":270,"position":1},"title":"Weihnachtsmarkt Liestal","author":"Andi Finkbeiner","date":"7. Dezember 2022","format":false,"excerpt":"Von heute Mittwoch bis am Sonntag Abend sind wir am Weihnachtsmarkt in Liestal. Im H\u00e4uschen vor unserem Laden haben wir Weihnachtsgutzis, Lebkuchen und Pralinen im Angebot, alles aus eigener Produktion. Am Freitag und Samstag backen wir vor Ort im Holzofen knuspriges Bauernbrot.","rel":"","context":"In &quot;Aktion&quot;","block_context":{"text":"Aktion","link":"https:\/\/beck-finkbeiner.ch\/?cat=5"},"img":{"alt_text":"","src":"https:\/\/i0.wp.com\/beck-finkbeiner.ch\/wp-content\/uploads\/2022\/12\/Weihnachtsmarkt22.jpg?fit=960%2C960&ssl=1&resize=350%2C200","width":350,"height":200,"srcset":"https:\/\/i0.wp.com\/beck-finkbeiner.ch\/wp-content\/uploads\/2022\/12\/Weihnachtsmarkt22.jpg?fit=960%2C960&ssl=1&resize=350%2C200 1x, https:\/\/i0.wp.com\/beck-finkbeiner.ch\/wp-content\/uploads\/2022\/12\/Weihnachtsmarkt22.jpg?fit=960%2C960&ssl=1&resize=525%2C300 1.5x, https:\/\/i0.wp.com\/beck-finkbeiner.ch\/wp-content\/uploads\/2022\/12\/Weihnachtsmarkt22.jpg?fit=960%2C960&ssl=1&resize=700%2C400 2x"},"classes":[]},{"id":3192,"url":"https:\/\/beck-finkbeiner.ch\/?p=3192","url_meta":{"origin":270,"position":2},"title":"Weihnachtsmarkt in Liestal","author":"Andi Finkbeiner","date":"5. Dezember 2018","format":false,"excerpt":"Feines Weihnachtskonfekt, Pralinen und frisches Burebrot aus dem Holzofen. Besuchen Sie uns am Weihnachtmarkt in Liestal.","rel":"","context":"In &quot;Allgemein&quot;","block_context":{"text":"Allgemein","link":"https:\/\/beck-finkbeiner.ch\/?cat=1"},"img":{"alt_text":"","src":"https:\/\/i0.wp.com\/beck-finkbeiner.ch\/wp-content\/uploads\/2018\/12\/imag0984214120772.jpg?resize=350%2C200&ssl=1","width":350,"height":200,"srcset":"https:\/\/i0.wp.com\/beck-finkbeiner.ch\/wp-content\/uploads\/2018\/12\/imag0984214120772.jpg?resize=350%2C200&ssl=1 1x, https:\/\/i0.wp.com\/beck-finkbeiner.ch\/wp-content\/uploads\/2018\/12\/imag0984214120772.jpg?resize=525%2C300&ssl=1 1.5x, https:\/\/i0.wp.com\/beck-finkbeiner.ch\/wp-content\/uploads\/2018\/12\/imag0984214120772.jpg?resize=700%2C400&ssl=1 2x, https:\/\/i0.wp.com\/beck-finkbeiner.ch\/wp-content\/uploads\/2018\/12\/imag0984214120772.jpg?resize=1050%2C600&ssl=1 3x, https:\/\/i0.wp.com\/beck-finkbeiner.ch\/wp-content\/uploads\/2018\/12\/imag0984214120772.jpg?resize=1400%2C800&ssl=1 4x"},"classes":[]},{"id":11974,"url":"https:\/\/beck-finkbeiner.ch\/?p=11974","url_meta":{"origin":270,"position":3},"title":"Weihnachtsmarkt Pratteln","author":"Andi Finkbeiner","date":"19. November 2022","format":false,"excerpt":"Am Weihnachtsmarkt Pratteln haben wir f\u00fcr Sie ge\u00f6ffnet! Heute sind wir bis 20.00 Uhr f\u00fcr Sie da und morgen Sonntag von 11.00 bis 16.00 Uhr.G\u00f6nnen Sie sich ein feines Gipfeli, Silserli oder Patisserie, auch frische Z\u00f6pfe gibt es am Sonntag zu kaufen. Probieren Sie auch unsere hausgemachte Gulaschsuppe. Wir freuen\u2026","rel":"","context":"In &quot;Anl\u00e4sse&quot;","block_context":{"text":"Anl\u00e4sse","link":"https:\/\/beck-finkbeiner.ch\/?cat=6"},"img":{"alt_text":"","src":"https:\/\/i0.wp.com\/beck-finkbeiner.ch\/wp-content\/uploads\/2022\/11\/2022-11-19_pratteln-weihnachsmarkt3921688551018235287.jpg?resize=350%2C200&ssl=1","width":350,"height":200,"srcset":"https:\/\/i0.wp.com\/beck-finkbeiner.ch\/wp-content\/uploads\/2022\/11\/2022-11-19_pratteln-weihnachsmarkt3921688551018235287.jpg?resize=350%2C200&ssl=1 1x, https:\/\/i0.wp.com\/beck-finkbeiner.ch\/wp-content\/uploads\/2022\/11\/2022-11-19_pratteln-weihnachsmarkt3921688551018235287.jpg?resize=525%2C300&ssl=1 1.5x, https:\/\/i0.wp.com\/beck-finkbeiner.ch\/wp-content\/uploads\/2022\/11\/2022-11-19_pratteln-weihnachsmarkt3921688551018235287.jpg?resize=700%2C400&ssl=1 2x"},"classes":[]},{"id":1810,"url":"https:\/\/beck-finkbeiner.ch\/?p=1810","url_meta":{"origin":270,"position":4},"title":"Weihnachtsmarkt Liestal","author":"Andi Finkbeiner","date":"10. Dezember 2016","format":false,"excerpt":"Auch dieses Jahr sind wir wieder mit einem Stand am Lieschtler Weihnachtsm\u00e4rt vertreten. Auf einen Besuch von Ihnen freuen wir uns.","rel":"","context":"In &quot;Anl\u00e4sse&quot;","block_context":{"text":"Anl\u00e4sse","link":"https:\/\/beck-finkbeiner.ch\/?cat=6"},"img":{"alt_text":"","src":"https:\/\/i0.wp.com\/beck-finkbeiner.ch\/wp-content\/uploads\/2016\/12\/wp-1481390072792.jpg?resize=350%2C200","width":350,"height":200,"srcset":"https:\/\/i0.wp.com\/beck-finkbeiner.ch\/wp-content\/uploads\/2016\/12\/wp-1481390072792.jpg?resize=350%2C200 1x, https:\/\/i0.wp.com\/beck-finkbeiner.ch\/wp-content\/uploads\/2016\/12\/wp-1481390072792.jpg?resize=525%2C300 1.5x, https:\/\/i0.wp.com\/beck-finkbeiner.ch\/wp-content\/uploads\/2016\/12\/wp-1481390072792.jpg?resize=700%2C400 2x, https:\/\/i0.wp.com\/beck-finkbeiner.ch\/wp-content\/uploads\/2016\/12\/wp-1481390072792.jpg?resize=1050%2C600 3x, https:\/\/i0.wp.com\/beck-finkbeiner.ch\/wp-content\/uploads\/2016\/12\/wp-1481390072792.jpg?resize=1400%2C800 4x"},"classes":[]},{"id":10598,"url":"https:\/\/beck-finkbeiner.ch\/?p=10598","url_meta":{"origin":270,"position":5},"title":"\u00d6ffnungszeiten w\u00e4hrend den Schulsommerferien","author":"Andi Finkbeiner","date":"29. Juni 2020","format":false,"excerpt":"W\u00e4hrend den Schulsommerferien, vom 29. Juni - 8. August haben wir etwas verk\u00fcrzte \u00d6ffnungszeiten- in Liestal: Montag - Freitag bis 18.00 Uhr an Samstagen bis 15.00 Uhr- in Pratteln: Dienstag - Freitag bis 15.00 Uhr, Samstag bis 13.00 Uhr Wir w\u00fcnschen allen, dass Sie den Sommer trotz Corona geniessen k\u00f6nnen\u2026","rel":"","context":"In &quot;Allgemein&quot;","block_context":{"text":"Allgemein","link":"https:\/\/beck-finkbeiner.ch\/?cat=1"},"img":{"alt_text":"","src":"https:\/\/i0.wp.com\/beck-finkbeiner.ch\/wp-content\/uploads\/2020\/06\/%C3%96ffnugszeiten-Sommer.png?fit=800%2C800&ssl=1&resize=350%2C200","width":350,"height":200,"srcset":"https:\/\/i0.wp.com\/beck-finkbeiner.ch\/wp-content\/uploads\/2020\/06\/%C3%96ffnugszeiten-Sommer.png?fit=800%2C800&ssl=1&resize=350%2C200 1x, https:\/\/i0.wp.com\/beck-finkbeiner.ch\/wp-content\/uploads\/2020\/06\/%C3%96ffnugszeiten-Sommer.png?fit=800%2C800&ssl=1&resize=525%2C300 1.5x, https:\/\/i0.wp.com\/beck-finkbeiner.ch\/wp-content\/uploads\/2020\/06\/%C3%96ffnugszeiten-Sommer.png?fit=800%2C800&ssl=1&resize=700%2C400 2x"},"classes":[]}],"jetpack_likes_enabled":false,"_links":{"self":[{"href":"https:\/\/beck-finkbeiner.ch\/index.php?rest_route=\/wp\/v2\/posts\/270","targetHints":{"allow":["GET"]}}],"collection":[{"href":"https:\/\/beck-finkbeiner.ch\/index.php?rest_route=\/wp\/v2\/posts"}],"about":[{"href":"https:\/\/beck-finkbeiner.ch\/index.php?rest_route=\/wp\/v2\/types\/post"}],"author":[{"embeddable":true,"href":"https:\/\/beck-finkbeiner.ch\/index.php?rest_route=\/wp\/v2\/users\/1"}],"replies":[{"embeddable":true,"href":"https:\/\/beck-finkbeiner.ch\/index.php?rest_route=%2Fwp%2Fv2%2Fcomments&post=270"}],"version-history":[{"count":1,"href":"https:\/\/beck-finkbeiner.ch\/index.php?rest_route=\/wp\/v2\/posts\/270\/revisions"}],"predecessor-version":[{"id":272,"href":"https:\/\/beck-finkbeiner.ch\/index.php?rest_route=\/wp\/v2\/posts\/270\/revisions\/272"}],"wp:attachment":[{"href":"https:\/\/beck-finkbeiner.ch\/index.php?rest_route=%2Fwp%2Fv2%2Fmedia&parent=270"}],"wp:term":[{"taxonomy":"category","embeddable":true,"href":"https:\/\/beck-finkbeiner.ch\/index.php?rest_route=%2Fwp%2Fv2%2Fcategories&post=270"},{"taxonomy":"post_tag","embeddable":true,"href":"https:\/\/beck-finkbeiner.ch\/index.php?rest_route=%2Fwp%2Fv2%2Ftags&post=270"}],"curies":[{"name":"wp","href":"https:\/\/api.w.org\/{rel}","templated":true}]}}