{"id":267,"date":"2013-12-18T20:47:32","date_gmt":"2013-12-18T18:47:32","guid":{"rendered":"http:\/\/beck-finkbeiner.ch\/?p=267"},"modified":"2013-12-18T20:47:32","modified_gmt":"2013-12-18T18:47:32","slug":"sonntagsverkauf","status":"publish","type":"post","link":"https:\/\/beck-finkbeiner.ch\/?p=267","title":{"rendered":"Sonntagsverkauf"},"content":{"rendered":"<p>Am 22. Dezember findet in Liestal der allj\u00e4hrliche Sonntagsverkauf statt. Wir backen f\u00fcr Sie frisches Ruchbrot und gluschtige Tannenz\u00e4pfe.<\/p>\n<p>Weihnachtsguetsli, Weihnachtsst\u00f6llen und Sunneredli halten wir ebenfalls f\u00fcr Sie bereit.<\/p>\n","protected":false},"excerpt":{"rendered":"<p>Am 22. Dezember findet in Liestal der allj\u00e4hrliche Sonntagsverkauf statt. Wir backen f\u00fcr Sie frisches Ruchbrot und gluschtige Tannenz\u00e4pfe. Weihnachtsguetsli, Weihnachtsst\u00f6llen und Sunneredli halten wir ebenfalls f\u00fcr Sie bereit.<\/p>\n","protected":false},"author":1,"featured_media":0,"comment_status":"open","ping_status":"open","sticky":false,"template":"","format":"standard","meta":{"_acf_changed":false,"_crdt_document":"","ngg_post_thumbnail":0,"jetpack_post_was_ever_published":false,"_jetpack_newsletter_access":"","_jetpack_dont_email_post_to_subs":false,"_jetpack_newsletter_tier_id":0,"_jetpack_memberships_contains_paywalled_content":false,"_jetpack_memberships_contains_paid_content":false,"footnotes":"","jetpack_publicize_message":"","jetpack_publicize_feature_enabled":true,"jetpack_social_post_already_shared":false,"jetpack_social_options":{"image_generator_settings":{"template":"highway","default_image_id":0,"font":"","enabled":false},"version":2}},"categories":[5],"tags":[],"class_list":["post-267","post","type-post","status-publish","format-standard","hentry","category-aktion"],"acf":[],"jetpack_publicize_connections":[],"jetpack_featured_media_url":"","jetpack_sharing_enabled":true,"jetpack_shortlink":"https:\/\/wp.me\/p7b9YP-4j","jetpack-related-posts":[{"id":8287,"url":"https:\/\/beck-finkbeiner.ch\/?p=8287","url_meta":{"origin":267,"position":0},"title":"K\u00f6nigskuchen &#038; Fastenwaien","author":"Andi Finkbeiner","date":"3. Januar 2020","format":false,"excerpt":"Im neuen Jahr haben wir wieder Fastenwaien und auch die K\u00f6nigskuchenproduktion haben wir gestartet.","rel":"","context":"In &quot;Anl\u00e4sse&quot;","block_context":{"text":"Anl\u00e4sse","link":"https:\/\/beck-finkbeiner.ch\/?cat=6"},"img":{"alt_text":"","src":"https:\/\/i0.wp.com\/beck-finkbeiner.ch\/wp-content\/uploads\/2017\/01\/302_K%C3%B6nigkuchen_6erKrone.jpg?fit=1200%2C1200&ssl=1&resize=350%2C200","width":350,"height":200,"srcset":"https:\/\/i0.wp.com\/beck-finkbeiner.ch\/wp-content\/uploads\/2017\/01\/302_K%C3%B6nigkuchen_6erKrone.jpg?fit=1200%2C1200&ssl=1&resize=350%2C200 1x, https:\/\/i0.wp.com\/beck-finkbeiner.ch\/wp-content\/uploads\/2017\/01\/302_K%C3%B6nigkuchen_6erKrone.jpg?fit=1200%2C1200&ssl=1&resize=525%2C300 1.5x, https:\/\/i0.wp.com\/beck-finkbeiner.ch\/wp-content\/uploads\/2017\/01\/302_K%C3%B6nigkuchen_6erKrone.jpg?fit=1200%2C1200&ssl=1&resize=700%2C400 2x, https:\/\/i0.wp.com\/beck-finkbeiner.ch\/wp-content\/uploads\/2017\/01\/302_K%C3%B6nigkuchen_6erKrone.jpg?fit=1200%2C1200&ssl=1&resize=1050%2C600 3x"},"classes":[]},{"id":9779,"url":"https:\/\/beck-finkbeiner.ch\/?p=9779","url_meta":{"origin":267,"position":1},"title":"Fasnacht 2020","author":"Andi Finkbeiner","date":"27. Februar 2020","format":false,"excerpt":"in der Fasnachtswoche haben wir unsere \u00d6ffnungszeiten etwas angepasst. Unsere \u00d6ffnungszeiten in Liestal, Am Sonntag haben wir f\u00fcr Sie Ch\u00e4s- Zwiebelewaien, Schenkeli und diverse Getr\u00e4nke f\u00fcr Sie parat, am Montag den 2.3., haben wir am Nachmittag geschlossen. in Pratteln, haben wir am Dienstag 3.3. und Mittwoch 4.3. bis 13.00 Uhr\u2026","rel":"","context":"In &quot;Allgemein&quot;","block_context":{"text":"Allgemein","link":"https:\/\/beck-finkbeiner.ch\/?cat=1"},"img":{"alt_text":"","src":"https:\/\/i0.wp.com\/beck-finkbeiner.ch\/wp-content\/uploads\/2019\/03\/Waggis.png?resize=350%2C200&ssl=1","width":350,"height":200,"srcset":"https:\/\/i0.wp.com\/beck-finkbeiner.ch\/wp-content\/uploads\/2019\/03\/Waggis.png?resize=350%2C200&ssl=1 1x, https:\/\/i0.wp.com\/beck-finkbeiner.ch\/wp-content\/uploads\/2019\/03\/Waggis.png?resize=525%2C300&ssl=1 1.5x"},"classes":[]},{"id":2857,"url":"https:\/\/beck-finkbeiner.ch\/?p=2857","url_meta":{"origin":267,"position":2},"title":"Giftige R\u00fcckst\u00e4nde in Lebensmittel-Verpackungen &#8211; Kundeninformation","author":"Andi Finkbeiner","date":"3. Mai 2018","format":false,"excerpt":"Liebe Kundschaft im Tagesanzeiger vom 25. April 2018 und in anderen Pressemitteilungen ist ein Artikel erschienen \u00fcber giftige R\u00fcckst\u00e4nde in Lebensmittelverpackungen. Wir haben von unserem Lieferanten, der PAWI Verpackungen AG in Winterthur, eine Stellungnahme bekommen und m\u00f6chten Ihnen diese nicht vorenthalten. Kundeninformation PAWI: In dieser Woche ist in der Presse\u2026","rel":"","context":"In &quot;Presse&quot;","block_context":{"text":"Presse","link":"https:\/\/beck-finkbeiner.ch\/?cat=7"},"img":{"alt_text":"","src":"","width":0,"height":0},"classes":[]},{"id":11974,"url":"https:\/\/beck-finkbeiner.ch\/?p=11974","url_meta":{"origin":267,"position":3},"title":"Weihnachtsmarkt Pratteln","author":"Andi Finkbeiner","date":"19. November 2022","format":false,"excerpt":"Am Weihnachtsmarkt Pratteln haben wir f\u00fcr Sie ge\u00f6ffnet! Heute sind wir bis 20.00 Uhr f\u00fcr Sie da und morgen Sonntag von 11.00 bis 16.00 Uhr.G\u00f6nnen Sie sich ein feines Gipfeli, Silserli oder Patisserie, auch frische Z\u00f6pfe gibt es am Sonntag zu kaufen. Probieren Sie auch unsere hausgemachte Gulaschsuppe. Wir freuen\u2026","rel":"","context":"In &quot;Anl\u00e4sse&quot;","block_context":{"text":"Anl\u00e4sse","link":"https:\/\/beck-finkbeiner.ch\/?cat=6"},"img":{"alt_text":"","src":"https:\/\/i0.wp.com\/beck-finkbeiner.ch\/wp-content\/uploads\/2022\/11\/2022-11-19_pratteln-weihnachsmarkt3921688551018235287.jpg?resize=350%2C200&ssl=1","width":350,"height":200,"srcset":"https:\/\/i0.wp.com\/beck-finkbeiner.ch\/wp-content\/uploads\/2022\/11\/2022-11-19_pratteln-weihnachsmarkt3921688551018235287.jpg?resize=350%2C200&ssl=1 1x, https:\/\/i0.wp.com\/beck-finkbeiner.ch\/wp-content\/uploads\/2022\/11\/2022-11-19_pratteln-weihnachsmarkt3921688551018235287.jpg?resize=525%2C300&ssl=1 1.5x, https:\/\/i0.wp.com\/beck-finkbeiner.ch\/wp-content\/uploads\/2022\/11\/2022-11-19_pratteln-weihnachsmarkt3921688551018235287.jpg?resize=700%2C400&ssl=1 2x"},"classes":[]},{"id":10302,"url":"https:\/\/beck-finkbeiner.ch\/?p=10302","url_meta":{"origin":267,"position":4},"title":"Coronavirus","author":"Andi Finkbeiner","date":"15. M\u00e4rz 2020","format":false,"excerpt":"Liebe Kunden,aufgrund, dass die Kantonsregierung Baselland den Notstand ausgerufen hat, m\u00fcssen wir bis auf weiteres einige einschneidende Massnahmen einf\u00fchren. Unsere Filiale in Patteln darf nur noch f\u00fcr den Verkauf ge\u00f6ffnet haben. Den Caf\u00e9-bereich m\u00fcssen wir leider geschlossen halten. In unserem Hauptgesch\u00e4ft in Liestal d\u00fcrfen wir die Tischchen ebenfalls nicht mehr\u2026","rel":"","context":"In &quot;Allgemein&quot;","block_context":{"text":"Allgemein","link":"https:\/\/beck-finkbeiner.ch\/?cat=1"},"img":{"alt_text":"","src":"https:\/\/i0.wp.com\/beck-finkbeiner.ch\/wp-content\/uploads\/2020\/03\/covid-16.jpg?fit=1200%2C800&ssl=1&resize=350%2C200","width":350,"height":200,"srcset":"https:\/\/i0.wp.com\/beck-finkbeiner.ch\/wp-content\/uploads\/2020\/03\/covid-16.jpg?fit=1200%2C800&ssl=1&resize=350%2C200 1x, https:\/\/i0.wp.com\/beck-finkbeiner.ch\/wp-content\/uploads\/2020\/03\/covid-16.jpg?fit=1200%2C800&ssl=1&resize=525%2C300 1.5x, https:\/\/i0.wp.com\/beck-finkbeiner.ch\/wp-content\/uploads\/2020\/03\/covid-16.jpg?fit=1200%2C800&ssl=1&resize=700%2C400 2x, https:\/\/i0.wp.com\/beck-finkbeiner.ch\/wp-content\/uploads\/2020\/03\/covid-16.jpg?fit=1200%2C800&ssl=1&resize=1050%2C600 3x"},"classes":[]},{"id":11639,"url":"https:\/\/beck-finkbeiner.ch\/?p=11639","url_meta":{"origin":267,"position":5},"title":"Silvester","author":"Andi Finkbeiner","date":"31. Dezember 2021","format":false,"excerpt":"Wir w\u00fcnschen allen einen guten Rutsch ins neue Jahr und bleiben Sie gesund. Heute sind wir noch bis 16.00 Uhr\u00a0 (in Pratteln bis 13.00 Uhr) f\u00fcr sie da.Im 2022 freuen wir uns auf Sie ab dem 3. (Pratteln 4.) Januar.","rel":"","context":"In &quot;Anl\u00e4sse&quot;","block_context":{"text":"Anl\u00e4sse","link":"https:\/\/beck-finkbeiner.ch\/?cat=6"},"img":{"alt_text":"","src":"https:\/\/i0.wp.com\/beck-finkbeiner.ch\/wp-content\/uploads\/2021\/12\/fb_img_16409418020747056756072516874084.jpg?resize=350%2C200&ssl=1","width":350,"height":200,"srcset":"https:\/\/i0.wp.com\/beck-finkbeiner.ch\/wp-content\/uploads\/2021\/12\/fb_img_16409418020747056756072516874084.jpg?resize=350%2C200&ssl=1 1x, https:\/\/i0.wp.com\/beck-finkbeiner.ch\/wp-content\/uploads\/2021\/12\/fb_img_16409418020747056756072516874084.jpg?resize=525%2C300&ssl=1 1.5x, https:\/\/i0.wp.com\/beck-finkbeiner.ch\/wp-content\/uploads\/2021\/12\/fb_img_16409418020747056756072516874084.jpg?resize=700%2C400&ssl=1 2x, https:\/\/i0.wp.com\/beck-finkbeiner.ch\/wp-content\/uploads\/2021\/12\/fb_img_16409418020747056756072516874084.jpg?resize=1050%2C600&ssl=1 3x"},"classes":[]}],"jetpack_likes_enabled":false,"_links":{"self":[{"href":"https:\/\/beck-finkbeiner.ch\/index.php?rest_route=\/wp\/v2\/posts\/267","targetHints":{"allow":["GET"]}}],"collection":[{"href":"https:\/\/beck-finkbeiner.ch\/index.php?rest_route=\/wp\/v2\/posts"}],"about":[{"href":"https:\/\/beck-finkbeiner.ch\/index.php?rest_route=\/wp\/v2\/types\/post"}],"author":[{"embeddable":true,"href":"https:\/\/beck-finkbeiner.ch\/index.php?rest_route=\/wp\/v2\/users\/1"}],"replies":[{"embeddable":true,"href":"https:\/\/beck-finkbeiner.ch\/index.php?rest_route=%2Fwp%2Fv2%2Fcomments&post=267"}],"version-history":[{"count":1,"href":"https:\/\/beck-finkbeiner.ch\/index.php?rest_route=\/wp\/v2\/posts\/267\/revisions"}],"predecessor-version":[{"id":289,"href":"https:\/\/beck-finkbeiner.ch\/index.php?rest_route=\/wp\/v2\/posts\/267\/revisions\/289"}],"wp:attachment":[{"href":"https:\/\/beck-finkbeiner.ch\/index.php?rest_route=%2Fwp%2Fv2%2Fmedia&parent=267"}],"wp:term":[{"taxonomy":"category","embeddable":true,"href":"https:\/\/beck-finkbeiner.ch\/index.php?rest_route=%2Fwp%2Fv2%2Fcategories&post=267"},{"taxonomy":"post_tag","embeddable":true,"href":"https:\/\/beck-finkbeiner.ch\/index.php?rest_route=%2Fwp%2Fv2%2Ftags&post=267"}],"curies":[{"name":"wp","href":"https:\/\/api.w.org\/{rel}","templated":true}]}}