{"id":261,"date":"2013-11-24T20:36:41","date_gmt":"2013-11-24T18:36:41","guid":{"rendered":"http:\/\/beck-finkbeiner.ch\/?p=261"},"modified":"2013-11-24T20:51:19","modified_gmt":"2013-11-24T18:51:19","slug":"night-shopping","status":"publish","type":"post","link":"https:\/\/beck-finkbeiner.ch\/?p=261","title":{"rendered":"Night Shopping am 29. November 2013"},"content":{"rendered":"<h1>Salziges und S\u00fcsses<\/h1>\n<p>Wir heissen Sie beim 1. Nightshopping, am 29. November 2013, herzlich willkommen. Um 18.30 wird die Weihnachtsbeleuchtung eingeschaltet, anschliessend k\u00f6nnen Sie bei uns und in den meisten Gesch\u00e4ften in Liestal bis 22.00 Uhr einkaufen.\u00a0 Jedes Gesch\u00e4ft wartet mit einer speziellen Attraktion auf Sie.<\/p>\n<p>Wir bieten Ihnen unsere neusten Kreationen zum Degustieren an:<\/p>\n<p>Hausgemachte Sunneredli zum Apero und verf\u00fchrerische Donuts zum Dessert.<\/p>\n<p>Auf Ihren Besuch freuen wir uns schon heute.<\/p>\n<p>n\u00e4heres unter:<\/p>\n<p><a title=\"KMU Liestal\" href=\"http:\/\/www.kmu.li\" target=\"_blank\">kmu.li<\/a><\/p>\n<p>oder im Facebook:<\/p>\n<p><a title=\"facebook.com\/KMU Liestal\" href=\"https:\/\/www.facebook.com\/KMU.Liestal\" target=\"_blank\">facebook.com\/KMU.Liestal<\/a><\/p>\n<p>Ihr Finki Team<\/p>\n","protected":false},"excerpt":{"rendered":"<p>Salziges und S\u00fcsses Wir heissen Sie beim 1. Nightshopping, am 29. November 2013, herzlich willkommen. Um 18.30 wird die Weihnachtsbeleuchtung eingeschaltet, anschliessend k\u00f6nnen Sie bei uns und in den meisten Gesch\u00e4ften in Liestal bis 22.00 Uhr einkaufen.\u00a0 Jedes Gesch\u00e4ft wartet mit einer speziellen Attraktion auf Sie. Wir bieten Ihnen unsere neusten Kreationen zum Degustieren an: [&hellip;]<\/p>\n","protected":false},"author":1,"featured_media":0,"comment_status":"open","ping_status":"open","sticky":false,"template":"","format":"standard","meta":{"_acf_changed":false,"_crdt_document":"","ngg_post_thumbnail":0,"jetpack_post_was_ever_published":false,"_jetpack_newsletter_access":"","_jetpack_dont_email_post_to_subs":false,"_jetpack_newsletter_tier_id":0,"_jetpack_memberships_contains_paywalled_content":false,"_jetpack_memberships_contains_paid_content":false,"footnotes":"","jetpack_publicize_message":"","jetpack_publicize_feature_enabled":true,"jetpack_social_post_already_shared":false,"jetpack_social_options":{"image_generator_settings":{"template":"highway","default_image_id":0,"font":"","enabled":false},"version":2}},"categories":[6],"tags":[10,60,9,42],"class_list":["post-261","post","type-post","status-publish","format-standard","hentry","category-anlaesse","tag-apero","tag-donuts","tag-sunneredli","tag-suesses"],"acf":[],"jetpack_publicize_connections":[],"jetpack_featured_media_url":"","jetpack_sharing_enabled":true,"jetpack_shortlink":"https:\/\/wp.me\/p7b9YP-4d","jetpack-related-posts":[{"id":15,"url":"https:\/\/beck-finkbeiner.ch\/?p=15","url_meta":{"origin":261,"position":0},"title":"Neu bei uns","author":"Andi Finkbeiner","date":"26. Oktober 2013","format":false,"excerpt":"Neu bei uns zu bekommen: Sunneredli aus eigener Produktion","rel":"","context":"In &quot;Allgemein&quot;","block_context":{"text":"Allgemein","link":"https:\/\/beck-finkbeiner.ch\/?cat=1"},"img":{"alt_text":"Sunneredli","src":"https:\/\/i0.wp.com\/beck-finkbeiner.ch\/wp-content\/uploads\/2013\/10\/Sunneredli_08-300x300.jpg?resize=350%2C200","width":350,"height":200},"classes":[]},{"id":267,"url":"https:\/\/beck-finkbeiner.ch\/?p=267","url_meta":{"origin":261,"position":1},"title":"Sonntagsverkauf","author":"Andi Finkbeiner","date":"18. Dezember 2013","format":false,"excerpt":"Am 22. Dezember findet in Liestal der allj\u00e4hrliche Sonntagsverkauf statt. Wir backen f\u00fcr Sie frisches Ruchbrot und gluschtige Tannenz\u00e4pfe. Weihnachtsguetsli, Weihnachtsst\u00f6llen und Sunneredli halten wir ebenfalls f\u00fcr Sie bereit.","rel":"","context":"In &quot;Aktion&quot;","block_context":{"text":"Aktion","link":"https:\/\/beck-finkbeiner.ch\/?cat=5"},"img":{"alt_text":"","src":"","width":0,"height":0},"classes":[]},{"id":1651,"url":"https:\/\/beck-finkbeiner.ch\/?p=1651","url_meta":{"origin":261,"position":2},"title":"Mini Patisserie","author":"Andi Finkbeiner","date":"29. Juli 2016","format":false,"excerpt":"Auch spezielle Kundenw\u00fcnsche werden gerne von uns erf\u00fcllt. Wie die Mini-Patisserie aus Marzipan.","rel":"","context":"In &quot;Confiserie&quot;","block_context":{"text":"Confiserie","link":"https:\/\/beck-finkbeiner.ch\/?cat=122"},"img":{"alt_text":"","src":"https:\/\/i0.wp.com\/beck-finkbeiner.ch\/wp-content\/uploads\/2016\/07\/wp-image-1008900354jpg.jpg?fit=500%2C281&ssl=1&resize=350%2C200","width":350,"height":200},"classes":[]},{"id":10601,"url":"https:\/\/beck-finkbeiner.ch\/?p=10601","url_meta":{"origin":261,"position":3},"title":"Sommerhits","author":"Andi Finkbeiner","date":"29. Juni 2020","format":false,"excerpt":"Unsere neuen Sommerhits: Kirschent\u00f6rtli, Kirschenpfannkuchen und Kirschenwaien. Nat\u00fcrlich verwenden wir ausschliesslich schweizer Kirschen, teils stammen sie sogar aus dem nahen Seltisberg. Jeden Freitag und Samstag produzieren wir wieder unser Olivenbrot, das mit einer Teigruhe von 20 Stunden einen ausgewogenen Geschmack entwickelt. Es passt hervorragend zu Grilladen, Salat oder zum sommerlichen\u2026","rel":"","context":"In &quot;Allgemein&quot;","block_context":{"text":"Allgemein","link":"https:\/\/beck-finkbeiner.ch\/?cat=1"},"img":{"alt_text":"","src":"https:\/\/i0.wp.com\/beck-finkbeiner.ch\/wp-content\/uploads\/2020\/06\/Kirsit%C3%B6rtli.jpg?fit=1200%2C1200&ssl=1&resize=350%2C200","width":350,"height":200,"srcset":"https:\/\/i0.wp.com\/beck-finkbeiner.ch\/wp-content\/uploads\/2020\/06\/Kirsit%C3%B6rtli.jpg?fit=1200%2C1200&ssl=1&resize=350%2C200 1x, https:\/\/i0.wp.com\/beck-finkbeiner.ch\/wp-content\/uploads\/2020\/06\/Kirsit%C3%B6rtli.jpg?fit=1200%2C1200&ssl=1&resize=525%2C300 1.5x, https:\/\/i0.wp.com\/beck-finkbeiner.ch\/wp-content\/uploads\/2020\/06\/Kirsit%C3%B6rtli.jpg?fit=1200%2C1200&ssl=1&resize=700%2C400 2x, https:\/\/i0.wp.com\/beck-finkbeiner.ch\/wp-content\/uploads\/2020\/06\/Kirsit%C3%B6rtli.jpg?fit=1200%2C1200&ssl=1&resize=1050%2C600 3x"},"classes":[]},{"id":2804,"url":"https:\/\/beck-finkbeiner.ch\/?p=2804","url_meta":{"origin":261,"position":4},"title":"Ostern","author":"Andi Finkbeiner","date":"8. M\u00e4rz 2018","format":false,"excerpt":"Unser Ostersortiment mit Osterfl\u00e4dli, diversen Schoggiosterhasen, -h\u00fchner, und -eier warten auf Sie. NEU haben wir jetzt neben den Traditionellen Hasen,\u00a0Schoggihasen mit Erdbeer-, Mandel und Passionsfruchtaroma!","rel":"","context":"In &quot;Aktion&quot;","block_context":{"text":"Aktion","link":"https:\/\/beck-finkbeiner.ch\/?cat=5"},"img":{"alt_text":"","src":"https:\/\/i0.wp.com\/beck-finkbeiner.ch\/wp-content\/uploads\/2018\/03\/imag12329167918336491841628.jpg?fit=1200%2C672&ssl=1&resize=350%2C200","width":350,"height":200,"srcset":"https:\/\/i0.wp.com\/beck-finkbeiner.ch\/wp-content\/uploads\/2018\/03\/imag12329167918336491841628.jpg?fit=1200%2C672&ssl=1&resize=350%2C200 1x, https:\/\/i0.wp.com\/beck-finkbeiner.ch\/wp-content\/uploads\/2018\/03\/imag12329167918336491841628.jpg?fit=1200%2C672&ssl=1&resize=525%2C300 1.5x, https:\/\/i0.wp.com\/beck-finkbeiner.ch\/wp-content\/uploads\/2018\/03\/imag12329167918336491841628.jpg?fit=1200%2C672&ssl=1&resize=700%2C400 2x, https:\/\/i0.wp.com\/beck-finkbeiner.ch\/wp-content\/uploads\/2018\/03\/imag12329167918336491841628.jpg?fit=1200%2C672&ssl=1&resize=1050%2C600 3x"},"classes":[]},{"id":1601,"url":"https:\/\/beck-finkbeiner.ch\/?p=1601","url_meta":{"origin":261,"position":5},"title":"kmu 16 in Pratteln","author":"Andi Finkbeiner","date":"29. Juli 2016","format":false,"excerpt":"Besuchen Sie uns an unserem altbekannten Standort an der Schlossstrasse 59. Wir bieten ein feines Mittagsmen\u00fc und diverse s\u00fcsse Kleinigkeiten an.","rel":"","context":"In &quot;Anl\u00e4sse&quot;","block_context":{"text":"Anl\u00e4sse","link":"https:\/\/beck-finkbeiner.ch\/?cat=6"},"img":{"alt_text":"kmu16_wir sind auch dabei","src":"https:\/\/i0.wp.com\/beck-finkbeiner.ch\/wp-content\/uploads\/2016\/07\/kmu16_wir-sind-auch-dabei_k-212x300.png?resize=350%2C200","width":350,"height":200},"classes":[]}],"jetpack_likes_enabled":false,"_links":{"self":[{"href":"https:\/\/beck-finkbeiner.ch\/index.php?rest_route=\/wp\/v2\/posts\/261","targetHints":{"allow":["GET"]}}],"collection":[{"href":"https:\/\/beck-finkbeiner.ch\/index.php?rest_route=\/wp\/v2\/posts"}],"about":[{"href":"https:\/\/beck-finkbeiner.ch\/index.php?rest_route=\/wp\/v2\/types\/post"}],"author":[{"embeddable":true,"href":"https:\/\/beck-finkbeiner.ch\/index.php?rest_route=\/wp\/v2\/users\/1"}],"replies":[{"embeddable":true,"href":"https:\/\/beck-finkbeiner.ch\/index.php?rest_route=%2Fwp%2Fv2%2Fcomments&post=261"}],"version-history":[{"count":4,"href":"https:\/\/beck-finkbeiner.ch\/index.php?rest_route=\/wp\/v2\/posts\/261\/revisions"}],"predecessor-version":[{"id":265,"href":"https:\/\/beck-finkbeiner.ch\/index.php?rest_route=\/wp\/v2\/posts\/261\/revisions\/265"}],"wp:attachment":[{"href":"https:\/\/beck-finkbeiner.ch\/index.php?rest_route=%2Fwp%2Fv2%2Fmedia&parent=261"}],"wp:term":[{"taxonomy":"category","embeddable":true,"href":"https:\/\/beck-finkbeiner.ch\/index.php?rest_route=%2Fwp%2Fv2%2Fcategories&post=261"},{"taxonomy":"post_tag","embeddable":true,"href":"https:\/\/beck-finkbeiner.ch\/index.php?rest_route=%2Fwp%2Fv2%2Ftags&post=261"}],"curies":[{"name":"wp","href":"https:\/\/api.w.org\/{rel}","templated":true}]}}