{"id":214,"date":"2013-11-02T07:07:24","date_gmt":"2013-11-02T05:07:24","guid":{"rendered":"http:\/\/beck-finkbeiner.ch\/?p=214"},"modified":"2013-11-03T14:21:26","modified_gmt":"2013-11-03T12:21:26","slug":"berufsschau-2013-liestal","status":"publish","type":"post","link":"https:\/\/beck-finkbeiner.ch\/?p=214","title":{"rendered":"Berufsschau 2013 Liestal"},"content":{"rendered":"<p><a href=\"https:\/\/i0.wp.com\/beck-finkbeiner.ch\/wp-content\/uploads\/2013\/10\/IMG_4045.jpg\"><img data-recalc-dims=\"1\" loading=\"lazy\" decoding=\"async\" data-attachment-id=\"215\" data-permalink=\"https:\/\/beck-finkbeiner.ch\/?attachment_id=215\" data-orig-file=\"https:\/\/i0.wp.com\/beck-finkbeiner.ch\/wp-content\/uploads\/2013\/10\/IMG_4045.jpg?fit=5184%2C3456&amp;ssl=1\" data-orig-size=\"5184,3456\" data-comments-opened=\"1\" data-image-meta=\"{&quot;aperture&quot;:&quot;5&quot;,&quot;credit&quot;:&quot;&quot;,&quot;camera&quot;:&quot;Canon EOS 60D&quot;,&quot;caption&quot;:&quot;&quot;,&quot;created_timestamp&quot;:&quot;1382028403&quot;,&quot;copyright&quot;:&quot;&quot;,&quot;focal_length&quot;:&quot;52&quot;,&quot;iso&quot;:&quot;400&quot;,&quot;shutter_speed&quot;:&quot;0.016666666666667&quot;,&quot;title&quot;:&quot;&quot;}\" data-image-title=\"Schaust\u00fcck Roman\" data-image-description=\"\" data-image-caption=\"\" data-large-file=\"https:\/\/i0.wp.com\/beck-finkbeiner.ch\/wp-content\/uploads\/2013\/10\/IMG_4045.jpg?fit=980%2C653&amp;ssl=1\" class=\"alignnone size-medium wp-image-215\" alt=\"Schaust\u00fcck Roman\" src=\"https:\/\/i0.wp.com\/beck-finkbeiner.ch\/wp-content\/uploads\/2013\/10\/IMG_4045-300x200.jpg?resize=300%2C200\" width=\"300\" height=\"200\" srcset=\"https:\/\/i0.wp.com\/beck-finkbeiner.ch\/wp-content\/uploads\/2013\/10\/IMG_4045.jpg?resize=300%2C200&amp;ssl=1 300w, https:\/\/i0.wp.com\/beck-finkbeiner.ch\/wp-content\/uploads\/2013\/10\/IMG_4045.jpg?resize=1024%2C682&amp;ssl=1 1024w, https:\/\/i0.wp.com\/beck-finkbeiner.ch\/wp-content\/uploads\/2013\/10\/IMG_4045.jpg?resize=450%2C300&amp;ssl=1 450w, https:\/\/i0.wp.com\/beck-finkbeiner.ch\/wp-content\/uploads\/2013\/10\/IMG_4045.jpg?w=1960&amp;ssl=1 1960w, https:\/\/i0.wp.com\/beck-finkbeiner.ch\/wp-content\/uploads\/2013\/10\/IMG_4045.jpg?w=2940&amp;ssl=1 2940w\" sizes=\"auto, (max-width: 300px) 100vw, 300px\" \/><\/a><\/p>\n<p>Wir gratulieren unserem Lehrling Roman B\u00e4r zum 1. Preis beim Dekorwettbewerb an der Berunfsschau in Liestal die <span class=\"date\">vom 23. &#8211; 27. Oktober 2013 <\/span><span class=\"where\">in Liestal stattfand.<\/span><\/p>\n<p><a title=\"Berufsschau 2013 Liestal\" href=\"http:\/\/www.berufsschau.org\/\">berufsschau.org<\/a><\/p>\n<div class=\"flash\"><\/div>\n<p>&nbsp;<\/p>\n","protected":false},"excerpt":{"rendered":"<p>Wir gratulieren unserem Lehrling Roman B\u00e4r zum 1. Preis beim Dekorwettbewerb an der Berunfsschau in Liestal die vom 23. &#8211; 27. Oktober 2013 in Liestal stattfand. berufsschau.org &nbsp;<\/p>\n","protected":false},"author":1,"featured_media":0,"comment_status":"open","ping_status":"open","sticky":false,"template":"","format":"standard","meta":{"_acf_changed":false,"_crdt_document":"","ngg_post_thumbnail":0,"jetpack_post_was_ever_published":false,"_jetpack_newsletter_access":"","_jetpack_dont_email_post_to_subs":false,"_jetpack_newsletter_tier_id":0,"_jetpack_memberships_contains_paywalled_content":false,"_jetpack_memberships_contains_paid_content":false,"footnotes":"","jetpack_publicize_message":"","jetpack_publicize_feature_enabled":true,"jetpack_social_post_already_shared":false,"jetpack_social_options":{"image_generator_settings":{"template":"highway","default_image_id":0,"font":"","enabled":false},"version":2}},"categories":[6],"tags":[57,17,58],"class_list":["post-214","post","type-post","status-publish","format-standard","hentry","category-anlaesse","tag-berufsschau","tag-konditorei","tag-lehrling"],"acf":[],"jetpack_publicize_connections":[],"jetpack_featured_media_url":"","jetpack_sharing_enabled":true,"jetpack_shortlink":"https:\/\/wp.me\/p7b9YP-3s","jetpack-related-posts":[{"id":1067,"url":"https:\/\/beck-finkbeiner.ch\/?p=1067","url_meta":{"origin":214,"position":0},"title":"Gw\u00e4rb 14","author":"Andi Finkbeiner","date":"27. September 2014","format":false,"excerpt":"\u00a0 Besuchen Sie uns an der Gewerbeschau in Liestal. Wir sind mit unseren 2 St\u00e4nden in der Halle 3 vertreten. Schauen Sie unserem B\u00e4cker-Konditor-Confiseur Lehrling beim modelieren von Marzipan-Figuren und verzieren von Lebkuchenherzen \u00fcber die Schulter. An unserem Stand k\u00f6nnen Sie auch unsere neuen Schoggikreationen probieren.","rel":"","context":"In &quot;Anl\u00e4sse&quot;","block_context":{"text":"Anl\u00e4sse","link":"https:\/\/beck-finkbeiner.ch\/?cat=6"},"img":{"alt_text":"gwaerb_logo","src":"https:\/\/i0.wp.com\/beck-finkbeiner.ch\/wp-content\/uploads\/2014\/08\/gwaerb_logo-300x136.png?resize=350%2C200","width":350,"height":200},"classes":[]},{"id":270,"url":"https:\/\/beck-finkbeiner.ch\/?p=270","url_meta":{"origin":214,"position":1},"title":"Weihnachtsmarkt in Liestal","author":"Andi Finkbeiner","date":"12. Dezember 2013","format":false,"excerpt":"Besuchen Sie uns am Weihnachtsmarkt in Liestal, vom Freitag 13. bis Sonntag 15. Dezember.","rel":"","context":"In &quot;Anl\u00e4sse&quot;","block_context":{"text":"Anl\u00e4sse","link":"https:\/\/beck-finkbeiner.ch\/?cat=6"},"img":{"alt_text":"Liestal_Schaufenster_Dez","src":"https:\/\/i0.wp.com\/beck-finkbeiner.ch\/wp-content\/uploads\/2013\/12\/IMAG0460-300x169.jpg?resize=350%2C200","width":350,"height":200},"classes":[]},{"id":3192,"url":"https:\/\/beck-finkbeiner.ch\/?p=3192","url_meta":{"origin":214,"position":2},"title":"Weihnachtsmarkt in Liestal","author":"Andi Finkbeiner","date":"5. Dezember 2018","format":false,"excerpt":"Feines Weihnachtskonfekt, Pralinen und frisches Burebrot aus dem Holzofen. Besuchen Sie uns am Weihnachtmarkt in Liestal.","rel":"","context":"In &quot;Allgemein&quot;","block_context":{"text":"Allgemein","link":"https:\/\/beck-finkbeiner.ch\/?cat=1"},"img":{"alt_text":"","src":"https:\/\/i0.wp.com\/beck-finkbeiner.ch\/wp-content\/uploads\/2018\/12\/imag0984214120772.jpg?resize=350%2C200&ssl=1","width":350,"height":200,"srcset":"https:\/\/i0.wp.com\/beck-finkbeiner.ch\/wp-content\/uploads\/2018\/12\/imag0984214120772.jpg?resize=350%2C200&ssl=1 1x, https:\/\/i0.wp.com\/beck-finkbeiner.ch\/wp-content\/uploads\/2018\/12\/imag0984214120772.jpg?resize=525%2C300&ssl=1 1.5x, https:\/\/i0.wp.com\/beck-finkbeiner.ch\/wp-content\/uploads\/2018\/12\/imag0984214120772.jpg?resize=700%2C400&ssl=1 2x, https:\/\/i0.wp.com\/beck-finkbeiner.ch\/wp-content\/uploads\/2018\/12\/imag0984214120772.jpg?resize=1050%2C600&ssl=1 3x, https:\/\/i0.wp.com\/beck-finkbeiner.ch\/wp-content\/uploads\/2018\/12\/imag0984214120772.jpg?resize=1400%2C800&ssl=1 4x"},"classes":[]},{"id":10474,"url":"https:\/\/beck-finkbeiner.ch\/?p=10474","url_meta":{"origin":214,"position":3},"title":"\u00d6ffnungszeiten im Laden Liestal","author":"Andi Finkbeiner","date":"25. M\u00e4rz 2020","format":false,"excerpt":"Aufgrund der aktuellen Lage haben wir unsere Laden\u00f6ffnungszeiten in Liestal angepasst. Besten Dank f\u00fcr Euer Verst\u00e4ndnis","rel":"","context":"In &quot;Allgemein&quot;","block_context":{"text":"Allgemein","link":"https:\/\/beck-finkbeiner.ch\/?cat=1"},"img":{"alt_text":"","src":"https:\/\/i0.wp.com\/beck-finkbeiner.ch\/wp-content\/uploads\/2020\/03\/90666755_874740869613867_544982019239986531_n1.jpg?fit=1080%2C1080&ssl=1&resize=350%2C200","width":350,"height":200,"srcset":"https:\/\/i0.wp.com\/beck-finkbeiner.ch\/wp-content\/uploads\/2020\/03\/90666755_874740869613867_544982019239986531_n1.jpg?fit=1080%2C1080&ssl=1&resize=350%2C200 1x, https:\/\/i0.wp.com\/beck-finkbeiner.ch\/wp-content\/uploads\/2020\/03\/90666755_874740869613867_544982019239986531_n1.jpg?fit=1080%2C1080&ssl=1&resize=525%2C300 1.5x, https:\/\/i0.wp.com\/beck-finkbeiner.ch\/wp-content\/uploads\/2020\/03\/90666755_874740869613867_544982019239986531_n1.jpg?fit=1080%2C1080&ssl=1&resize=700%2C400 2x, https:\/\/i0.wp.com\/beck-finkbeiner.ch\/wp-content\/uploads\/2020\/03\/90666755_874740869613867_544982019239986531_n1.jpg?fit=1080%2C1080&ssl=1&resize=1050%2C600 3x"},"classes":[]},{"id":11319,"url":"https:\/\/beck-finkbeiner.ch\/?p=11319","url_meta":{"origin":214,"position":4},"title":"Fr\u00fchlinsmarkt in Liestal","author":"Andi Finkbeiner","date":"28. April 2021","format":false,"excerpt":"Heute am Fr\u00fchlingsmarkt in Liestal mit Sandwichs am Meter, verschiedenen Bierbrezlen, frischen Erdbeerschnitten und unserem hausgemachtem Magenbrot. \ud83e\udd29","rel":"","context":"In &quot;Anl\u00e4sse&quot;","block_context":{"text":"Anl\u00e4sse","link":"https:\/\/beck-finkbeiner.ch\/?cat=6"},"img":{"alt_text":"","src":"https:\/\/i0.wp.com\/beck-finkbeiner.ch\/wp-content\/uploads\/2021\/04\/IMG_20210428_092110-scaled.jpg?fit=1200%2C1200&ssl=1&resize=350%2C200","width":350,"height":200,"srcset":"https:\/\/i0.wp.com\/beck-finkbeiner.ch\/wp-content\/uploads\/2021\/04\/IMG_20210428_092110-scaled.jpg?fit=1200%2C1200&ssl=1&resize=350%2C200 1x, https:\/\/i0.wp.com\/beck-finkbeiner.ch\/wp-content\/uploads\/2021\/04\/IMG_20210428_092110-scaled.jpg?fit=1200%2C1200&ssl=1&resize=525%2C300 1.5x, https:\/\/i0.wp.com\/beck-finkbeiner.ch\/wp-content\/uploads\/2021\/04\/IMG_20210428_092110-scaled.jpg?fit=1200%2C1200&ssl=1&resize=700%2C400 2x, https:\/\/i0.wp.com\/beck-finkbeiner.ch\/wp-content\/uploads\/2021\/04\/IMG_20210428_092110-scaled.jpg?fit=1200%2C1200&ssl=1&resize=1050%2C600 3x"},"classes":[]},{"id":1546,"url":"https:\/\/beck-finkbeiner.ch\/?p=1546","url_meta":{"origin":214,"position":5},"title":"Warenmarkt Liestal","author":"Andi Finkbeiner","date":"15. August 2016","format":false,"excerpt":"Diese Woche, am Mittwoch, ist wieder M\u00e4rt in Liestal,wir begr\u00fcssen sie gerne an unserem Stand mit Sandwiches am Meter, diversen Snacks und s\u00fcssen Sachen","rel":"","context":"In &quot;Anl\u00e4sse&quot;","block_context":{"text":"Anl\u00e4sse","link":"https:\/\/beck-finkbeiner.ch\/?cat=6"},"img":{"alt_text":"","src":"","width":0,"height":0},"classes":[]}],"jetpack_likes_enabled":false,"_links":{"self":[{"href":"https:\/\/beck-finkbeiner.ch\/index.php?rest_route=\/wp\/v2\/posts\/214","targetHints":{"allow":["GET"]}}],"collection":[{"href":"https:\/\/beck-finkbeiner.ch\/index.php?rest_route=\/wp\/v2\/posts"}],"about":[{"href":"https:\/\/beck-finkbeiner.ch\/index.php?rest_route=\/wp\/v2\/types\/post"}],"author":[{"embeddable":true,"href":"https:\/\/beck-finkbeiner.ch\/index.php?rest_route=\/wp\/v2\/users\/1"}],"replies":[{"embeddable":true,"href":"https:\/\/beck-finkbeiner.ch\/index.php?rest_route=%2Fwp%2Fv2%2Fcomments&post=214"}],"version-history":[{"count":2,"href":"https:\/\/beck-finkbeiner.ch\/index.php?rest_route=\/wp\/v2\/posts\/214\/revisions"}],"predecessor-version":[{"id":217,"href":"https:\/\/beck-finkbeiner.ch\/index.php?rest_route=\/wp\/v2\/posts\/214\/revisions\/217"}],"wp:attachment":[{"href":"https:\/\/beck-finkbeiner.ch\/index.php?rest_route=%2Fwp%2Fv2%2Fmedia&parent=214"}],"wp:term":[{"taxonomy":"category","embeddable":true,"href":"https:\/\/beck-finkbeiner.ch\/index.php?rest_route=%2Fwp%2Fv2%2Fcategories&post=214"},{"taxonomy":"post_tag","embeddable":true,"href":"https:\/\/beck-finkbeiner.ch\/index.php?rest_route=%2Fwp%2Fv2%2Ftags&post=214"}],"curies":[{"name":"wp","href":"https:\/\/api.w.org\/{rel}","templated":true}]}}