{"id":202,"date":"2013-11-06T11:30:29","date_gmt":"2013-11-06T09:30:29","guid":{"rendered":"http:\/\/beck-finkbeiner.ch\/?p=202"},"modified":"2013-11-06T11:46:12","modified_gmt":"2013-11-06T09:46:12","slug":"graettimaenner","status":"publish","type":"post","link":"https:\/\/beck-finkbeiner.ch\/?p=202","title":{"rendered":"Die Gr\u00e4ttim\u00e4nner sind da!"},"content":{"rendered":"<p><a href=\"https:\/\/i0.wp.com\/beck-finkbeiner.ch\/wp-content\/uploads\/2013\/10\/Gr%C3%A4tti.jpg\"><img data-recalc-dims=\"1\" loading=\"lazy\" decoding=\"async\" data-attachment-id=\"230\" data-permalink=\"https:\/\/beck-finkbeiner.ch\/?attachment_id=230\" data-orig-file=\"https:\/\/i0.wp.com\/beck-finkbeiner.ch\/wp-content\/uploads\/2013\/10\/Gr%C3%A4tti.jpg?fit=2688%2C1520&amp;ssl=1\" data-orig-size=\"2688,1520\" data-comments-opened=\"1\" data-image-meta=\"{&quot;aperture&quot;:&quot;2&quot;,&quot;credit&quot;:&quot;&quot;,&quot;camera&quot;:&quot;HTC One&quot;,&quot;caption&quot;:&quot;&quot;,&quot;created_timestamp&quot;:&quot;1383722539&quot;,&quot;copyright&quot;:&quot;&quot;,&quot;focal_length&quot;:&quot;3.82&quot;,&quot;iso&quot;:&quot;125&quot;,&quot;shutter_speed&quot;:&quot;0.005547&quot;,&quot;title&quot;:&quot;&quot;}\" data-image-title=\"Gr\u00e4tti\" data-image-description=\"\" data-image-caption=\"\" data-large-file=\"https:\/\/i0.wp.com\/beck-finkbeiner.ch\/wp-content\/uploads\/2013\/10\/Gr%C3%A4tti.jpg?fit=980%2C554&amp;ssl=1\" class=\"alignnone size-medium wp-image-230\" alt=\"Gr\u00e4tti\" src=\"https:\/\/i0.wp.com\/beck-finkbeiner.ch\/wp-content\/uploads\/2013\/10\/Gr%C3%A4tti-300x169.jpg?resize=300%2C169\" width=\"300\" height=\"169\" srcset=\"https:\/\/i0.wp.com\/beck-finkbeiner.ch\/wp-content\/uploads\/2013\/10\/Gr%C3%A4tti.jpg?resize=300%2C169&amp;ssl=1 300w, https:\/\/i0.wp.com\/beck-finkbeiner.ch\/wp-content\/uploads\/2013\/10\/Gr%C3%A4tti.jpg?resize=1024%2C579&amp;ssl=1 1024w, https:\/\/i0.wp.com\/beck-finkbeiner.ch\/wp-content\/uploads\/2013\/10\/Gr%C3%A4tti.jpg?resize=500%2C282&amp;ssl=1 500w, https:\/\/i0.wp.com\/beck-finkbeiner.ch\/wp-content\/uploads\/2013\/10\/Gr%C3%A4tti.jpg?w=1960&amp;ssl=1 1960w\" sizes=\"auto, (max-width: 300px) 100vw, 300px\" \/><\/a><\/p>\n<p>Ab sofort haben wir s\u00fcsse Gr\u00e4tti \u00e0 Fr. 2.30 &amp; 2.90<\/p>\n","protected":false},"excerpt":{"rendered":"<p>Ab sofort haben wir s\u00fcsse Gr\u00e4tti \u00e0 Fr. 2.30 &amp; 2.90<\/p>\n","protected":false},"author":1,"featured_media":0,"comment_status":"open","ping_status":"open","sticky":false,"template":"","format":"standard","meta":{"_acf_changed":false,"_crdt_document":"","ngg_post_thumbnail":0,"jetpack_post_was_ever_published":false,"_jetpack_newsletter_access":"","_jetpack_dont_email_post_to_subs":false,"_jetpack_newsletter_tier_id":0,"_jetpack_memberships_contains_paywalled_content":false,"_jetpack_memberships_contains_paid_content":false,"footnotes":"","jetpack_publicize_message":"","jetpack_publicize_feature_enabled":true,"jetpack_social_post_already_shared":false,"jetpack_social_options":{"image_generator_settings":{"template":"highway","default_image_id":0,"font":"","enabled":false},"version":2}},"categories":[1],"tags":[59,42],"class_list":["post-202","post","type-post","status-publish","format-standard","hentry","category-allgemein","tag-graetti","tag-suesses"],"acf":[],"jetpack_publicize_connections":[],"jetpack_featured_media_url":"","jetpack_sharing_enabled":true,"jetpack_shortlink":"https:\/\/wp.me\/p7b9YP-3g","jetpack-related-posts":[{"id":11554,"url":"https:\/\/beck-finkbeiner.ch\/?p=11554","url_meta":{"origin":202,"position":0},"title":"Gr\u00e4ttimannen","author":"Andi Finkbeiner","date":"5. November 2021","format":false,"excerpt":"Ab Montag 8. November beginnen wir wieder mit unseren Gr\u00e4ttimannen.Wir backen die S\u00fcssen f\u00fcr Fr. 2.80 und anstelle der Schoggiweggli, Schoggi-Gr\u00e4tti f\u00fcr Fr. 3.90.","rel":"","context":"In &quot;B\u00e4ckerei&quot;","block_context":{"text":"B\u00e4ckerei","link":"https:\/\/beck-finkbeiner.ch\/?cat=123"},"img":{"alt_text":"","src":"https:\/\/i0.wp.com\/beck-finkbeiner.ch\/wp-content\/uploads\/2020\/11\/Graettimanne-e1636130575704.jpg?fit=1200%2C1134&ssl=1&resize=350%2C200","width":350,"height":200,"srcset":"https:\/\/i0.wp.com\/beck-finkbeiner.ch\/wp-content\/uploads\/2020\/11\/Graettimanne-e1636130575704.jpg?fit=1200%2C1134&ssl=1&resize=350%2C200 1x, https:\/\/i0.wp.com\/beck-finkbeiner.ch\/wp-content\/uploads\/2020\/11\/Graettimanne-e1636130575704.jpg?fit=1200%2C1134&ssl=1&resize=525%2C300 1.5x, https:\/\/i0.wp.com\/beck-finkbeiner.ch\/wp-content\/uploads\/2020\/11\/Graettimanne-e1636130575704.jpg?fit=1200%2C1134&ssl=1&resize=700%2C400 2x, https:\/\/i0.wp.com\/beck-finkbeiner.ch\/wp-content\/uploads\/2020\/11\/Graettimanne-e1636130575704.jpg?fit=1200%2C1134&ssl=1&resize=1050%2C600 3x"},"classes":[]},{"id":1114,"url":"https:\/\/beck-finkbeiner.ch\/?p=1114","url_meta":{"origin":202,"position":1},"title":"Die Gr\u00e4timannen sind da","author":"Andi Finkbeiner","date":"23. November 2014","format":false,"excerpt":"bei uns hat es wieder Gr\u00e4ttimannen in verschiedenen Gr\u00f6ssen.","rel":"","context":"In &quot;Allgemein&quot;","block_context":{"text":"Allgemein","link":"https:\/\/beck-finkbeiner.ch\/?cat=1"},"img":{"alt_text":"Gr\u00e4tti","src":"https:\/\/i0.wp.com\/beck-finkbeiner.ch\/wp-content\/uploads\/2013\/10\/Gr%C3%A4tti-300x169.jpg?resize=350%2C200","width":350,"height":200},"classes":[]},{"id":11362,"url":"https:\/\/beck-finkbeiner.ch\/?p=11362","url_meta":{"origin":202,"position":2},"title":"\u00d6ffnung des Innenbereichs im Caf\u00e9","author":"Andi Finkbeiner","date":"28. Mai 2021","format":false,"excerpt":"Ab dem 1. Juni d\u00fcrfen wir Gem\u00e4ss dem BAG wieder unseren Innenbereich im Cafe \u00f6ffnen. Aus diesem Grund werden wir die \u00d6ffnungszeiten in Pratteln wieder von 15.00 auf 18.00 Uhr (Di - Fr) ausdehnen. Am Samstag haben wir wie gewohnt bis 13.00 Uhr ge\u00f6ffnet. In Liestal sind wir von Mo\u2026","rel":"","context":"In &quot;Allgemein&quot;","block_context":{"text":"Allgemein","link":"https:\/\/beck-finkbeiner.ch\/?cat=1"},"img":{"alt_text":"","src":"https:\/\/i0.wp.com\/beck-finkbeiner.ch\/wp-content\/uploads\/2021\/05\/img-20210528-wa00166558699131510061146.jpg?resize=350%2C200&ssl=1","width":350,"height":200,"srcset":"https:\/\/i0.wp.com\/beck-finkbeiner.ch\/wp-content\/uploads\/2021\/05\/img-20210528-wa00166558699131510061146.jpg?resize=350%2C200&ssl=1 1x, https:\/\/i0.wp.com\/beck-finkbeiner.ch\/wp-content\/uploads\/2021\/05\/img-20210528-wa00166558699131510061146.jpg?resize=525%2C300&ssl=1 1.5x, https:\/\/i0.wp.com\/beck-finkbeiner.ch\/wp-content\/uploads\/2021\/05\/img-20210528-wa00166558699131510061146.jpg?resize=700%2C400&ssl=1 2x, https:\/\/i0.wp.com\/beck-finkbeiner.ch\/wp-content\/uploads\/2021\/05\/img-20210528-wa00166558699131510061146.jpg?resize=1050%2C600&ssl=1 3x, https:\/\/i0.wp.com\/beck-finkbeiner.ch\/wp-content\/uploads\/2021\/05\/img-20210528-wa00166558699131510061146.jpg?resize=1400%2C800&ssl=1 4x"},"classes":[]},{"id":11558,"url":"https:\/\/beck-finkbeiner.ch\/?p=11558","url_meta":{"origin":202,"position":3},"title":"Fondue","author":"Andi Finkbeiner","date":"10. November 2021","format":false,"excerpt":"Besonders in der kalten Jahreszeit sind die Fonduemischungen vom Milchh\u00fcsli Liestal besonders fein. Jetzt haben wir sie auch wieder bei uns im Angebot Ab sofort bei uns in Liestal und morgen auch in Pratteln.","rel":"","context":"In &quot;Aktion&quot;","block_context":{"text":"Aktion","link":"https:\/\/beck-finkbeiner.ch\/?cat=5"},"img":{"alt_text":"","src":"https:\/\/i0.wp.com\/beck-finkbeiner.ch\/wp-content\/uploads\/2021\/11\/Milchhuesli-Fondue-scaled.jpg?fit=1200%2C1200&ssl=1&resize=350%2C200","width":350,"height":200,"srcset":"https:\/\/i0.wp.com\/beck-finkbeiner.ch\/wp-content\/uploads\/2021\/11\/Milchhuesli-Fondue-scaled.jpg?fit=1200%2C1200&ssl=1&resize=350%2C200 1x, https:\/\/i0.wp.com\/beck-finkbeiner.ch\/wp-content\/uploads\/2021\/11\/Milchhuesli-Fondue-scaled.jpg?fit=1200%2C1200&ssl=1&resize=525%2C300 1.5x, https:\/\/i0.wp.com\/beck-finkbeiner.ch\/wp-content\/uploads\/2021\/11\/Milchhuesli-Fondue-scaled.jpg?fit=1200%2C1200&ssl=1&resize=700%2C400 2x, https:\/\/i0.wp.com\/beck-finkbeiner.ch\/wp-content\/uploads\/2021\/11\/Milchhuesli-Fondue-scaled.jpg?fit=1200%2C1200&ssl=1&resize=1050%2C600 3x"},"classes":[]},{"id":2684,"url":"https:\/\/beck-finkbeiner.ch\/?p=2684","url_meta":{"origin":202,"position":4},"title":"Die Gr\u00e4ttimannen sind da&#8230;","author":"Andi Finkbeiner","date":"7. November 2017","format":false,"excerpt":"Ab sofort starten wir mit den s\u00fcssen Gr\u00e4ttimannen in die Gr\u00e4ttisaison.","rel":"","context":"In &quot;Allgemein&quot;","block_context":{"text":"Allgemein","link":"https:\/\/beck-finkbeiner.ch\/?cat=1"},"img":{"alt_text":"","src":"https:\/\/i0.wp.com\/beck-finkbeiner.ch\/wp-content\/uploads\/2017\/11\/imag10731736639888.jpg?resize=350%2C200&ssl=1","width":350,"height":200,"srcset":"https:\/\/i0.wp.com\/beck-finkbeiner.ch\/wp-content\/uploads\/2017\/11\/imag10731736639888.jpg?resize=350%2C200&ssl=1 1x, https:\/\/i0.wp.com\/beck-finkbeiner.ch\/wp-content\/uploads\/2017\/11\/imag10731736639888.jpg?resize=525%2C300&ssl=1 1.5x, https:\/\/i0.wp.com\/beck-finkbeiner.ch\/wp-content\/uploads\/2017\/11\/imag10731736639888.jpg?resize=700%2C400&ssl=1 2x, https:\/\/i0.wp.com\/beck-finkbeiner.ch\/wp-content\/uploads\/2017\/11\/imag10731736639888.jpg?resize=1050%2C600&ssl=1 3x, https:\/\/i0.wp.com\/beck-finkbeiner.ch\/wp-content\/uploads\/2017\/11\/imag10731736639888.jpg?resize=1400%2C800&ssl=1 4x"},"classes":[]},{"id":8287,"url":"https:\/\/beck-finkbeiner.ch\/?p=8287","url_meta":{"origin":202,"position":5},"title":"K\u00f6nigskuchen &#038; Fastenwaien","author":"Andi Finkbeiner","date":"3. Januar 2020","format":false,"excerpt":"Im neuen Jahr haben wir wieder Fastenwaien und auch die K\u00f6nigskuchenproduktion haben wir gestartet.","rel":"","context":"In &quot;Anl\u00e4sse&quot;","block_context":{"text":"Anl\u00e4sse","link":"https:\/\/beck-finkbeiner.ch\/?cat=6"},"img":{"alt_text":"","src":"https:\/\/i0.wp.com\/beck-finkbeiner.ch\/wp-content\/uploads\/2017\/01\/302_K%C3%B6nigkuchen_6erKrone.jpg?fit=1200%2C1200&ssl=1&resize=350%2C200","width":350,"height":200,"srcset":"https:\/\/i0.wp.com\/beck-finkbeiner.ch\/wp-content\/uploads\/2017\/01\/302_K%C3%B6nigkuchen_6erKrone.jpg?fit=1200%2C1200&ssl=1&resize=350%2C200 1x, https:\/\/i0.wp.com\/beck-finkbeiner.ch\/wp-content\/uploads\/2017\/01\/302_K%C3%B6nigkuchen_6erKrone.jpg?fit=1200%2C1200&ssl=1&resize=525%2C300 1.5x, https:\/\/i0.wp.com\/beck-finkbeiner.ch\/wp-content\/uploads\/2017\/01\/302_K%C3%B6nigkuchen_6erKrone.jpg?fit=1200%2C1200&ssl=1&resize=700%2C400 2x, https:\/\/i0.wp.com\/beck-finkbeiner.ch\/wp-content\/uploads\/2017\/01\/302_K%C3%B6nigkuchen_6erKrone.jpg?fit=1200%2C1200&ssl=1&resize=1050%2C600 3x"},"classes":[]}],"jetpack_likes_enabled":false,"_links":{"self":[{"href":"https:\/\/beck-finkbeiner.ch\/index.php?rest_route=\/wp\/v2\/posts\/202","targetHints":{"allow":["GET"]}}],"collection":[{"href":"https:\/\/beck-finkbeiner.ch\/index.php?rest_route=\/wp\/v2\/posts"}],"about":[{"href":"https:\/\/beck-finkbeiner.ch\/index.php?rest_route=\/wp\/v2\/types\/post"}],"author":[{"embeddable":true,"href":"https:\/\/beck-finkbeiner.ch\/index.php?rest_route=\/wp\/v2\/users\/1"}],"replies":[{"embeddable":true,"href":"https:\/\/beck-finkbeiner.ch\/index.php?rest_route=%2Fwp%2Fv2%2Fcomments&post=202"}],"version-history":[{"count":3,"href":"https:\/\/beck-finkbeiner.ch\/index.php?rest_route=\/wp\/v2\/posts\/202\/revisions"}],"predecessor-version":[{"id":234,"href":"https:\/\/beck-finkbeiner.ch\/index.php?rest_route=\/wp\/v2\/posts\/202\/revisions\/234"}],"wp:attachment":[{"href":"https:\/\/beck-finkbeiner.ch\/index.php?rest_route=%2Fwp%2Fv2%2Fmedia&parent=202"}],"wp:term":[{"taxonomy":"category","embeddable":true,"href":"https:\/\/beck-finkbeiner.ch\/index.php?rest_route=%2Fwp%2Fv2%2Fcategories&post=202"},{"taxonomy":"post_tag","embeddable":true,"href":"https:\/\/beck-finkbeiner.ch\/index.php?rest_route=%2Fwp%2Fv2%2Ftags&post=202"}],"curies":[{"name":"wp","href":"https:\/\/api.w.org\/{rel}","templated":true}]}}