{"id":14003,"date":"2026-09-02T10:32:49","date_gmt":"2026-09-02T09:32:49","guid":{"rendered":"https:\/\/beck-finkbeiner.ch\/?p=14003"},"modified":"2026-09-02T10:32:49","modified_gmt":"2026-09-02T09:32:49","slug":"neue-oeffnungszeiten-in-liestal","status":"publish","type":"post","link":"https:\/\/beck-finkbeiner.ch\/?p=14003","title":{"rendered":"Neue \u00d6ffnungszeiten in Liestal"},"content":{"rendered":"\n<p class=\"wp-block-paragraph\">Ab Montag dem 14. September, haben wir in Liestal leicht angepasste \u00d6ffnungszeiten. Wir werden an den Werktagen einen halbe Stunde fr\u00fcher schliessen.<\/p>\n\n\n<div class=\"wp-block-image\">\n<figure class=\"aligncenter size-full is-resized\"><a href=\"https:\/\/i0.wp.com\/beck-finkbeiner.ch\/wp-content\/uploads\/2026\/09\/finkbeiner-6a97ecaa83aca.png?ssl=1\"><img data-recalc-dims=\"1\" loading=\"lazy\" decoding=\"async\" width=\"980\" height=\"980\" data-attachment-id=\"14005\" data-permalink=\"https:\/\/beck-finkbeiner.ch\/?attachment_id=14005\" data-orig-file=\"https:\/\/i0.wp.com\/beck-finkbeiner.ch\/wp-content\/uploads\/2026\/09\/finkbeiner-6a97ecaa83aca.png?fit=1024%2C1024&amp;ssl=1\" data-orig-size=\"1024,1024\" data-comments-opened=\"0\" data-image-meta=\"{&quot;aperture&quot;:&quot;0&quot;,&quot;credit&quot;:&quot;&quot;,&quot;camera&quot;:&quot;&quot;,&quot;caption&quot;:&quot;&quot;,&quot;created_timestamp&quot;:&quot;0&quot;,&quot;copyright&quot;:&quot;&quot;,&quot;focal_length&quot;:&quot;0&quot;,&quot;iso&quot;:&quot;0&quot;,&quot;shutter_speed&quot;:&quot;0&quot;,&quot;title&quot;:&quot;&quot;,&quot;orientation&quot;:&quot;0&quot;,&quot;alt&quot;:&quot;&quot;}\" data-image-title=\"Neue \u00f6ffnungszeiten\" data-image-description=\"\" data-image-caption=\"\" data-large-file=\"https:\/\/i0.wp.com\/beck-finkbeiner.ch\/wp-content\/uploads\/2026\/09\/finkbeiner-6a97ecaa83aca.png?fit=980%2C980&amp;ssl=1\" src=\"https:\/\/i0.wp.com\/beck-finkbeiner.ch\/wp-content\/uploads\/2026\/09\/finkbeiner-6a97ecaa83aca.png?resize=980%2C980&#038;ssl=1\" alt=\"\" class=\"wp-image-14005\" style=\"width:428px;height:auto\" srcset=\"https:\/\/i0.wp.com\/beck-finkbeiner.ch\/wp-content\/uploads\/2026\/09\/finkbeiner-6a97ecaa83aca.png?w=1024&amp;ssl=1 1024w, https:\/\/i0.wp.com\/beck-finkbeiner.ch\/wp-content\/uploads\/2026\/09\/finkbeiner-6a97ecaa83aca.png?resize=300%2C300&amp;ssl=1 300w, https:\/\/i0.wp.com\/beck-finkbeiner.ch\/wp-content\/uploads\/2026\/09\/finkbeiner-6a97ecaa83aca.png?resize=150%2C150&amp;ssl=1 150w, https:\/\/i0.wp.com\/beck-finkbeiner.ch\/wp-content\/uploads\/2026\/09\/finkbeiner-6a97ecaa83aca.png?resize=768%2C768&amp;ssl=1 768w, https:\/\/i0.wp.com\/beck-finkbeiner.ch\/wp-content\/uploads\/2026\/09\/finkbeiner-6a97ecaa83aca.png?resize=324%2C324&amp;ssl=1 324w, https:\/\/i0.wp.com\/beck-finkbeiner.ch\/wp-content\/uploads\/2026\/09\/finkbeiner-6a97ecaa83aca.png?resize=416%2C416&amp;ssl=1 416w, https:\/\/i0.wp.com\/beck-finkbeiner.ch\/wp-content\/uploads\/2026\/09\/finkbeiner-6a97ecaa83aca.png?resize=100%2C100&amp;ssl=1 100w\" sizes=\"auto, (max-width: 980px) 100vw, 980px\" \/><\/a><\/figure>\n<\/div>\n\n\n<p class=\"wp-block-paragraph\"><\/p>\n","protected":false},"excerpt":{"rendered":"<p>Ab Montag dem 14. September, haben wir in Liestal leicht angepasste \u00d6ffnungszeiten. Wir werden an den Werktagen einen halbe Stunde fr\u00fcher schliessen.<\/p>\n","protected":false},"author":1,"featured_media":14005,"comment_status":"closed","ping_status":"closed","sticky":false,"template":"","format":"standard","meta":{"_acf_changed":false,"ngg_post_thumbnail":0,"_jetpack_newsletter_access":"","_jetpack_dont_email_post_to_subs":false,"_jetpack_newsletter_tier_id":0,"_jetpack_memberships_contains_paywalled_content":false,"_jetpack_feature_clip_id":0,"_jetpack_memberships_contains_paid_content":false,"footnotes":"","jetpack_publicize_message":"","jetpack_publicize_feature_enabled":true,"jetpack_social_post_already_shared":true,"jetpack_social_options":{"image_generator_settings":{"template":"highway","default_image_id":0,"font":"","enabled":false},"version":2},"jetpack_post_was_ever_published":false},"categories":[1],"tags":[],"class_list":["post-14003","post","type-post","status-publish","format-standard","has-post-thumbnail","hentry","category-allgemein"],"acf":[],"jetpack_publicize_connections":[],"jetpack_sharing_enabled":true,"jetpack_shortlink":"https:\/\/wp.me\/p7b9YP-3DR","jetpack-related-posts":[{"id":11409,"url":"https:\/\/beck-finkbeiner.ch\/?p=11409","url_meta":{"origin":14003,"position":0},"title":"\u00d6ffnungszeiten in den Schulsommerferien","author":"Andi Finkbeiner","date":"6. Juli 2021","format":false,"excerpt":"In den Schulsommerferien haben wir etwas verk\u00fcrzte \u00d6ffnungszeiten. Ab dem 16. August gelten wieder die normalen \u00d6ffnungszeiten. Liestal:Montag \u2013 Freitag6.00 \u2013 18.00 UhrSamstag6.00 \u2013\u00a015.00 Uhr Pratteln:Dienstag \u2013 Freitag6.00 \u2013\u00a015.00 Uhr Samstag6.15 \u2013 13.00 Uhr","rel":"","context":"In &quot;Allgemein&quot;","block_context":{"text":"Allgemein","link":"https:\/\/beck-finkbeiner.ch\/?cat=1"},"img":{"alt_text":"","src":"https:\/\/i0.wp.com\/beck-finkbeiner.ch\/wp-content\/uploads\/2020\/06\/%C3%96ffnugszeiten-Sommer.png?fit=800%2C800&ssl=1&resize=350%2C200","width":350,"height":200,"srcset":"https:\/\/i0.wp.com\/beck-finkbeiner.ch\/wp-content\/uploads\/2020\/06\/%C3%96ffnugszeiten-Sommer.png?fit=800%2C800&ssl=1&resize=350%2C200 1x, https:\/\/i0.wp.com\/beck-finkbeiner.ch\/wp-content\/uploads\/2020\/06\/%C3%96ffnugszeiten-Sommer.png?fit=800%2C800&ssl=1&resize=525%2C300 1.5x, https:\/\/i0.wp.com\/beck-finkbeiner.ch\/wp-content\/uploads\/2020\/06\/%C3%96ffnugszeiten-Sommer.png?fit=800%2C800&ssl=1&resize=700%2C400 2x"},"classes":[]},{"id":11831,"url":"https:\/\/beck-finkbeiner.ch\/?p=11831","url_meta":{"origin":14003,"position":1},"title":"\u00d6ffnungszeiten in den Schulsommerferien","author":"Andi Finkbeiner","date":"3. Juli 2022","format":false,"excerpt":"In den Schulsommerferien haben wir etwas verk\u00fcrzte \u00d6ffnungszeiten. Ab dem 15. August gelten wieder die normalen \u00d6ffnungszeiten. Liestal:Montag \u2013 Freitag6.00 \u2013\u00a018.30\u00a0UhrSamstag6.00 \u2013\u00a015.00\u00a0Uhr Pratteln:Dienstag \u2013 Freitag6.00 \u2013\u00a015.00\u00a0UhrSamstag6.15 \u2013 13.00 Uhr","rel":"","context":"In &quot;Allgemein&quot;","block_context":{"text":"Allgemein","link":"https:\/\/beck-finkbeiner.ch\/?cat=1"},"img":{"alt_text":"","src":"https:\/\/i0.wp.com\/beck-finkbeiner.ch\/wp-content\/uploads\/2020\/06\/%C3%96ffnugszeiten-Sommer.png?fit=800%2C800&ssl=1&resize=350%2C200","width":350,"height":200,"srcset":"https:\/\/i0.wp.com\/beck-finkbeiner.ch\/wp-content\/uploads\/2020\/06\/%C3%96ffnugszeiten-Sommer.png?fit=800%2C800&ssl=1&resize=350%2C200 1x, https:\/\/i0.wp.com\/beck-finkbeiner.ch\/wp-content\/uploads\/2020\/06\/%C3%96ffnugszeiten-Sommer.png?fit=800%2C800&ssl=1&resize=525%2C300 1.5x, https:\/\/i0.wp.com\/beck-finkbeiner.ch\/wp-content\/uploads\/2020\/06\/%C3%96ffnugszeiten-Sommer.png?fit=800%2C800&ssl=1&resize=700%2C400 2x"},"classes":[]},{"id":1196,"url":"https:\/\/beck-finkbeiner.ch\/?p=1196","url_meta":{"origin":14003,"position":2},"title":"Spezielle \u00d6ffnungszeiten in den Schulsommerferien","author":"Andi Finkbeiner","date":"7. Juli 2015","format":false,"excerpt":"W\u00e4hrend den Schulsommerferien haben wir in Liestal am Samstag und in Pratteln von Montag - Freitag verk\u00fcrzte \u00d6ffnungszeiten. Die genauen \u00d6ffnungszeiten erfahren sie hier: Standorte \/ \u00d6ffnungszeiten","rel":"","context":"In &quot;Allgemein&quot;","block_context":{"text":"Allgemein","link":"https:\/\/beck-finkbeiner.ch\/?cat=1"},"img":{"alt_text":"","src":"","width":0,"height":0},"classes":[]},{"id":13948,"url":"https:\/\/beck-finkbeiner.ch\/?p=13948","url_meta":{"origin":14003,"position":3},"title":"1. August \u00d6ffnungszeiten","author":"Andi Finkbeiner","date":"28. Juli 2026","format":false,"excerpt":"F\u00fcr den Tag vor dem 1. August haben wir etwas verk\u00fcrzte \u00d6ffnungszeiten LiestalFreitag 31. Juli bis 15.00 Uhr Pratteln Freitag 31. Juli bis 15.00 Uhr Samstag 1. August geschlossen Wir w\u00fcnschen Ihnen einen sch\u00f6nen Nationalfeiertag und begr\u00fcssen Sie gerne wieder ab Montag den 3. August.","rel":"","context":"In &quot;Anl\u00e4sse&quot;","block_context":{"text":"Anl\u00e4sse","link":"https:\/\/beck-finkbeiner.ch\/?cat=6"},"img":{"alt_text":"","src":"https:\/\/i0.wp.com\/beck-finkbeiner.ch\/wp-content\/uploads\/2026\/07\/1.AugustPralinen-scaled.jpg?fit=1200%2C1200&ssl=1&resize=350%2C200","width":350,"height":200,"srcset":"https:\/\/i0.wp.com\/beck-finkbeiner.ch\/wp-content\/uploads\/2026\/07\/1.AugustPralinen-scaled.jpg?fit=1200%2C1200&ssl=1&resize=350%2C200 1x, https:\/\/i0.wp.com\/beck-finkbeiner.ch\/wp-content\/uploads\/2026\/07\/1.AugustPralinen-scaled.jpg?fit=1200%2C1200&ssl=1&resize=525%2C300 1.5x, https:\/\/i0.wp.com\/beck-finkbeiner.ch\/wp-content\/uploads\/2026\/07\/1.AugustPralinen-scaled.jpg?fit=1200%2C1200&ssl=1&resize=700%2C400 2x, https:\/\/i0.wp.com\/beck-finkbeiner.ch\/wp-content\/uploads\/2026\/07\/1.AugustPralinen-scaled.jpg?fit=1200%2C1200&ssl=1&resize=1050%2C600 3x"},"classes":[]},{"id":3186,"url":"https:\/\/beck-finkbeiner.ch\/?p=3186","url_meta":{"origin":14003,"position":4},"title":"\u00d6ffnungzeiten \u00fcber die Festtage 2018 \/ 19","author":"Andi Finkbeiner","date":"9. Dezember 2018","format":false,"excerpt":"Unsere \u00d6ffnungszeiten \u00fcber die Festtage: Im neuen Jahr sind wir ab dem 2. Januar wieder f\u00fcr Sie da. Liestal Montag\u00a0 \u00a0 \u00a0 \u00a0 \u00a0 \u00a0 \u00a0 \u00a0 \u00a0 \u00a0 24.12.2018\u00a0 \u00a0 \u00a0 \u00a0 \u00a0 \u00a0 \u00a0 \u00a0 \u00a0 \u00a0 \u00a0 \u00a0 \u00a0\u00a0 6.00 \u2013 16.00 UhrDienstag\u00a0 \u00a0 \u00a0 \u00a0 \u00a0\u2026","rel":"","context":"In &quot;Allgemein&quot;","block_context":{"text":"Allgemein","link":"https:\/\/beck-finkbeiner.ch\/?cat=1"},"img":{"alt_text":"","src":"https:\/\/i0.wp.com\/beck-finkbeiner.ch\/wp-content\/uploads\/2017\/12\/2017-12-06-11.51.54.jpg?resize=350%2C200&ssl=1","width":350,"height":200,"srcset":"https:\/\/i0.wp.com\/beck-finkbeiner.ch\/wp-content\/uploads\/2017\/12\/2017-12-06-11.51.54.jpg?resize=350%2C200&ssl=1 1x, https:\/\/i0.wp.com\/beck-finkbeiner.ch\/wp-content\/uploads\/2017\/12\/2017-12-06-11.51.54.jpg?resize=525%2C300&ssl=1 1.5x, https:\/\/i0.wp.com\/beck-finkbeiner.ch\/wp-content\/uploads\/2017\/12\/2017-12-06-11.51.54.jpg?resize=700%2C400&ssl=1 2x, https:\/\/i0.wp.com\/beck-finkbeiner.ch\/wp-content\/uploads\/2017\/12\/2017-12-06-11.51.54.jpg?resize=1050%2C600&ssl=1 3x, https:\/\/i0.wp.com\/beck-finkbeiner.ch\/wp-content\/uploads\/2017\/12\/2017-12-06-11.51.54.jpg?resize=1400%2C800&ssl=1 4x"},"classes":[]},{"id":1571,"url":"https:\/\/beck-finkbeiner.ch\/?p=1571","url_meta":{"origin":14003,"position":5},"title":"Ge\u00e4nderte \u00d6ffnungszeiten","author":"Andi Finkbeiner","date":"12. Juli 2016","format":false,"excerpt":"W\u00e4hrend den Schulsommerferien, vom 2. Juli bis 13. August, haben wir etwas verk\u00fcrzte \u00d6ffnungszeiten. Liestal: Montag - Freitag 6.00 - 18.30 Uhr Samstag 6.00 - 15.00 Uhr Pratteln: Montag - Freitag 6.00 - 15.00 Uhr Samstag 6.00 - 13.00 Uhr \u00a0","rel":"","context":"In &quot;Allgemein&quot;","block_context":{"text":"Allgemein","link":"https:\/\/beck-finkbeiner.ch\/?cat=1"},"img":{"alt_text":"","src":"","width":0,"height":0},"classes":[]}],"jetpack_likes_enabled":false,"jetpack_featured_media_url":"https:\/\/i0.wp.com\/beck-finkbeiner.ch\/wp-content\/uploads\/2026\/09\/finkbeiner-6a97ecaa83aca.png?fit=1024%2C1024&ssl=1","_links":{"self":[{"href":"https:\/\/beck-finkbeiner.ch\/index.php?rest_route=\/wp\/v2\/posts\/14003","targetHints":{"allow":["GET"]}}],"collection":[{"href":"https:\/\/beck-finkbeiner.ch\/index.php?rest_route=\/wp\/v2\/posts"}],"about":[{"href":"https:\/\/beck-finkbeiner.ch\/index.php?rest_route=\/wp\/v2\/types\/post"}],"author":[{"embeddable":true,"href":"https:\/\/beck-finkbeiner.ch\/index.php?rest_route=\/wp\/v2\/users\/1"}],"replies":[{"embeddable":true,"href":"https:\/\/beck-finkbeiner.ch\/index.php?rest_route=%2Fwp%2Fv2%2Fcomments&post=14003"}],"version-history":[{"count":1,"href":"https:\/\/beck-finkbeiner.ch\/index.php?rest_route=\/wp\/v2\/posts\/14003\/revisions"}],"predecessor-version":[{"id":14006,"href":"https:\/\/beck-finkbeiner.ch\/index.php?rest_route=\/wp\/v2\/posts\/14003\/revisions\/14006"}],"wp:featuredmedia":[{"embeddable":true,"href":"https:\/\/beck-finkbeiner.ch\/index.php?rest_route=\/wp\/v2\/media\/14005"}],"wp:attachment":[{"href":"https:\/\/beck-finkbeiner.ch\/index.php?rest_route=%2Fwp%2Fv2%2Fmedia&parent=14003"}],"wp:term":[{"taxonomy":"category","embeddable":true,"href":"https:\/\/beck-finkbeiner.ch\/index.php?rest_route=%2Fwp%2Fv2%2Fcategories&post=14003"},{"taxonomy":"post_tag","embeddable":true,"href":"https:\/\/beck-finkbeiner.ch\/index.php?rest_route=%2Fwp%2Fv2%2Ftags&post=14003"}],"curies":[{"name":"wp","href":"https:\/\/api.w.org\/{rel}","templated":true}]}}