{"id":13835,"date":"2026-04-28T15:07:13","date_gmt":"2026-04-28T14:07:13","guid":{"rendered":"https:\/\/beck-finkbeiner.ch\/?p=13835"},"modified":"2026-04-28T15:09:33","modified_gmt":"2026-04-28T14:09:33","slug":"oeffnungszeiten-ueber-den-1-mai","status":"publish","type":"post","link":"https:\/\/beck-finkbeiner.ch\/?p=13835","title":{"rendered":"\u00d6ffnungszeiten \u00fcber den 1. Mai"},"content":{"rendered":"\n<p class=\"wp-block-paragraph\">Liebe Kunden<br>\u00dcber den 1. Mai haben wir folgende \u00d6ffnungszeiten:<\/p>\n\n\n\n<p class=\"wp-block-paragraph\"><strong>30. April<\/strong><br>Liestal: 6.00 bis 16.00 Uhr<br>Pratteln: 6.00 bis 13.00 Uhr<br>Zn\u00fcnitour: normal<br><br><strong>Am 1. Mai <\/strong><br><strong>haben wir geschlossen, es findet kein Zn\u00fcniverkauf statt.<\/strong><\/p>\n\n\n\n<p class=\"wp-block-paragraph\"><\/p>\n\n\n\n<p class=\"wp-block-paragraph\"><br><\/p>\n\n\n\n<ol class=\"wp-block-list\"><\/ol>\n","protected":false},"excerpt":{"rendered":"<p>Liebe Kunden\u00dcber den 1. Mai haben wir folgende \u00d6ffnungszeiten: 30. AprilLiestal: 6.00 bis 16.00 UhrPratteln: 6.00 bis 13.00 UhrZn\u00fcnitour: normal Am 1. Mai haben wir geschlossen, es findet kein Zn\u00fcniverkauf statt.<\/p>\n","protected":false},"author":1,"featured_media":0,"comment_status":"closed","ping_status":"closed","sticky":false,"template":"","format":"standard","meta":{"_acf_changed":false,"_crdt_document":"{\"document\":\"AAAH+OqsvhKTAYABBj6iBBS2AgYCuAMBCiACAQIKAkJKAJYCAQIKAhSwAgcAAtQDSgCqAwECCgBKAg4EAQEISOQTqA+UA4ABeowBIAAoRgYoSgoe4AJ4tATSCJYIAQIKAkJK1giwCAEBCABI6A8GjhAE0BCACpAMwAbEGbAT7AauBgKQC8AP4goUihMvgBMABgEArAEA7AGUAgDUArwC\/AI6eAAKrATMDwYBAAKACgCQBoAG1A8U4goUihNzKAAhAScABAAnAAQAhAQnACgGJwAoCiEAKAInAAcAKAMnAQQAKAAnAIcAKAMnAQQAhAQoACcAhwAoAycAKAEnAKgABwAoAicCoQAhAagAxA\/HACgDJwEEACgAJwDHACgCJwEoACcAxAeoASgAqALEAEQAxIQR7g9zdGF0ZXZlcnNpb25kb2N1bWVudGRhdGVkb2N1bWVudHN0YXR1c2RvY3VtZW50dGl0bGXDlmZmbnVuZ3N6ZWl0ZW4gw7xiZXIgZGVuIDEuIE1haWRvY3VtZW50Y29udGVudDwhLS0gd3A6cGFyYWdyYXBoIC0tPgo8cD5MaWViZSBLdW5kZW48YnI+w5xiZXIgZGVuIDEuIE1haSBoYWJlbiB3aXIgZm9sZ2VuZGUgw5ZmZm51bmdzemVpdGVuOjwvcD4KPCEtLSAvd3A6cGFyYWdyYXBoIC0tPgoKPCEtLSB3cDpwYXJhZ3JhcGggLS0+CjxwPjMwLiBBcHJpbDxicj5MaWVzdGFsOiA2LjAwIGJpcyAxNi4wMCBVaHI8YnI+UHJhdHRlbG46IDYuMDAgYmlzIDEzLjAwIFVocjxicj5absO8bml0b3VyOiBub3JtYWw8YnI+PGJyPjEuIDxicj48L3A+CjwhLS0gL3dwOnBhcmFncmFwaCAtLT4KCjwhLS0gd3A6bGlzdCB7Im9yZGVyZWQiOnRydWV9IC0tPgo8b2wgY2xhc3M9IndwLWJsb2NrLWxpc3QiPjwvb2w+CjwhLS0gL3dwOmxpc3QgLS0+ZG9jdW1lbnRleGNlcnB0ZG9jdW1lbnRhdXRob3Jkb2N1bWVudGZlYXR1cmVkX21lZGlhZG9jdW1lbnRjb21tZW50X3N0YXR1c2RvY3VtZW50cGluZ19zdGF0dXNkb2N1bWVudHN0aWNreWRvY3VtZW50dGVtcGxhdGVkb2N1bWVudGZvcm1hdGRvY3VtZW50bWV0YV9hY2ZfY2hhbmdlZG5nZ19wb3N0X3RodW1ibmFpbGpldHBhY2tfcG9zdF93YXNfZXZlcl9wdWJsaXNoZWRfamV0cGFja19uZXdzbGV0dGVyX2FjY2Vzc19qZXRwYWNrX2RvbnRfZW1haWxfcG9zdF90b19zdWJzX2pldHBhY2tfbmV3c2xldHRlcl90aWVyX2lkX2pldHBhY2tfbWVtYmVyc2hpcHNfY29udGFpbnNfcGF5d2FsbGVkX2NvbnRlbnRfamV0cGFja19tZW1iZXJzaGlwc19jb250YWluc19wYWlkX2NvbnRlbnRmb290bm90ZXNqZXRwYWNrX3B1YmxpY2l6ZV9tZXNzYWdlamV0cGFja19wdWJsaWNpemVfZmVhdHVyZV9lbmFibGVkamV0cGFja19zb2NpYWxfcG9zdF9hbHJlYWR5X3NoYXJlZGpldHBhY2tfc29jaWFsX29wdGlvbnNkb2N1bWVudGNhdGVnb3JpZXNkb2N1bWVudHRhZ3Nkb2N1bWVudGJsb2Nrc2NsaWVudElkaXNWYWxpZG9yaWdpbmFsQ29udGVudG5hbWVhdHRyaWJ1dGVzY29udGVudExpZWJlIEt1bmRlbjxicj7DnGJlciBkZW4gMS4gTWFpIGhhYmVuIHdpciBmb2xnZW5kZSDDlmZmbnVuZ3N6ZWl0ZW46ZHJvcENhcGlubmVyQmxvY2tzY2xpZW50SWRpc1ZhbGlkb3JpZ2luYWxDb250ZW50bmFtZWF0dHJpYnV0ZXNjb250ZW50MzAuIEFwcmlsPGJyPkxpZXN0YWw6IDYuMDAgYmlzIDE2LjAwIFVocjxicj5QcmF0dGVsbjogNi4wMCBiaXMgMTMuMDAgVWhyPGJyPlpuw7xuaXRvdXI6IG5vcm1hbDxicj48YnI+MS4gPGJyPmRyb3BDYXBpbm5lckJsb2Nrc2NsaWVudElkaXNWYWxpZG9yaWdpbmFsQ29udGVudG5hbWVhdHRyaWJ1dGVzb3JkZXJlZHZhbHVlc2lubmVyQmxvY2tzY2xpZW50SWRpc1ZhbGlkbmFtZWF0dHJpYnV0ZXNjb250ZW50aW5uZXJCbG9ja3NzdGF0ZXNhdmVkQXRzdGF0ZXNhdmVkQnlhbUFtIE1haSBoYWVuIHdpciBnZXNjaGxvc3Nlbm0gLCBlcyBmaW5kZXQga2VuLCBlcyBmaW5kZXQga2VpbiBlcyBmaW5kZXQga2VpbiBabsO8bmluZGV0IGtlaW4gWm7DvG5pdmVya2F1ZiBzdGF0dC48c3Ryb25nPi9zdHJvbmc+PGNsaWVudElkaXNWYWxpZG9yaWdpbmFsQ29udGVudG5hbWVhdHRyaWJ1dGVzY29udGVudDxicj5kcm9wQ2FwaW5uZXJCbG9ja3NjbGllbnRJZGlzVmFsaWRuYW1lYXR0cmlidXRlc2NvbnRlbnRkcm9wQ2FwaW5uZXJCbG9ja3M8c3Ryb25nPkFtIE1haSBoYWVuIHdpciBnZXNjaGxvc3NlbiwgZXMgZmluZGV0IGtlaW4gWm7DvG5pdmVya2F1ZiBzdGF0dC4vc3Ryb25nPjwvcD4KPCEtLSAvd3A6cGFyYWdyYXBoIC0tPgoKPCEtLSB3cDpwYXJhZ3JhcGggLS0+CjxwPjwvcD4KPCEtLSAvd3A6cGFyYWdyYXBoIC0tPgoKPCEtLSB3cDpwYXJhZ3JhcGggLS0+CjxwPjxicj48c3Ryb25nPkFtIDEuIE1haSBoYWJiZG9jdW1lbnRzbHVnPC9zdHJvbmc+PGJyPjxzdHJvbmc+PHN0cm9uZz4vc3Ryb25nPjw8c3Ryb25nPi9zdHJvbmc+PDwvc3Ryb25nPjxicj48c3Ryb25nPgUHCAQIBggFHggHkQIKmwEDAbMBCAcIBggOCA4ICwgGSAEGCAQMEh8aIBsvKgkZISIWCAoIBAgGCAcPBAoHggEHCwgHDwQKBwqYAUMAAQMHCwgHDwQKBwYLCAcECgcLBQcFBwIDBhARAw0CBQsEEA5IAAEIBw8ECgcEBwsIBwQKRwBLAAQCNrUBFQMBCAQVCAkICRUVAQMAAAEAAAABCAAMAQIAIQEBAA8BG0IBAQBBAAIAQQACAEEAAEEAAgBBAAIAQQACAAJBPgGJAQB9AX0BfQB3BmNsb3NlZHcGY2xvc2VkeXcAdwhzdGFuZGFyZHl9AHl3AHl9AHl5dwB3AHh2AhhpbWFnZV9nZW5lcmF0b3Jfc2V0dGluZ3N2BAh0ZW1wbGF0ZXcHaGlnaHdheRBkZWZhdWx0X2ltYWdlX2lkfQAEZm9udHcAB2VuYWJsZWR5B3ZlcnNpb259AnUBfQF1AHckOTkyOGEzN2QtYjZjMS00Njg5LTk5YjctYjkzNjcyMDNjMjFjeHdLPHA+TGllYmUgS3VuZGVuPGJyPsOcYmVyIGRlbiAxLiBNYWkgaGFiZW4gd2lyIGZvbGdlbmRlIMOWZmZudW5nc3plaXRlbjo8L3A+dw5jb3JlL3BhcmFncmFwaHl3JDRlN2JhN2QwLWJmYjMtNDlhNi1hNzNkLTRkYWUwYWEwYzk2NHh3dDxwPjMwLiBBcHJpbDxicj5MaWVzdGFsOiA2LjAwIGJpcyAxNi4wMCBVaHI8YnI+UHJhdHRlbG46IDYuMDAgYmlzIDEzLjAwIFVocjxicj5absO8bml0b3VyOiBub3JtYWw8YnI+PGJyPjEuIDxicj48L3A+dw5jb3JlL3BhcmFncmFwaHl3JDc0NzRhYzcxLTQ5NDktNDVlOS04ODYwLTNiOTVmZDhmNGM1YXh3HzxvbCBjbGFzcz0id3AtYmxvY2stbGlzdCI+PC9vbD53CWNvcmUvbGlzdHh3AHckZmM4OTdhMmItMTZiYi00MGY4LTgxNjItYjMyMzVhZTNjMTY1dyQ4YTcxZWM5OS1hZTY4LTRiNzUtYjE4OC01OWY3YjkyNWU3YWZ4dw5jb3JlL2xpc3QtaXRlbXckYWJmMTQwMjAtOWRkYi00YjE3LWJkYTgtNjY2MDQ1Nzc2ODgxdyQ1YWVkODE0NC1mMWZiLTRkNjUtYjA2ZC02ZjFmYjIyYzNjNzl4d3Q8cD4zMC4gQXByaWw8YnI+TGllc3RhbDogNi4wMCBiaXMgMTYuMDAgVWhyPGJyPlByYXR0ZWxuOiA2LjAwIGJpcyAxMy4wMCBVaHI8YnI+Wm7DvG5pdG91cjogbm9ybWFsPGJyPjxicj4xLiA8YnI+PC9wPncOY29yZS9wYXJhZ3JhcGh5dyRmNGE1YjIxYi03YzFkLTRjNDktODdhYS04N2I0NWMxZmQ4MjZ4dw5jb3JlL3BhcmFncmFwaHl3B3B1Ymxpc2h3EzIwMjYtMDQtMjhUMTU6MDc6MTN3H29lZmZudW5nc3plaXRlbi11ZWJlci1kZW4tMS1tYWl4e0J53Uam9bAAe0HifLNXAAAAAbi1lp8JDQEBoQMAUABnBQECAwAICQEKEBADDgUOHgcIAA==\",\"updateId\":857857987}","ngg_post_thumbnail":0,"jetpack_post_was_ever_published":false,"_jetpack_newsletter_access":"","_jetpack_dont_email_post_to_subs":false,"_jetpack_newsletter_tier_id":0,"_jetpack_memberships_contains_paywalled_content":false,"_jetpack_memberships_contains_paid_content":false,"footnotes":"","jetpack_publicize_message":"","jetpack_publicize_feature_enabled":true,"jetpack_social_post_already_shared":true,"jetpack_social_options":{"image_generator_settings":{"template":"highway","default_image_id":0,"font":"","enabled":false},"version":2}},"categories":[1],"tags":[],"class_list":["post-13835","post","type-post","status-publish","format-standard","hentry","category-allgemein"],"acf":[],"jetpack_publicize_connections":[],"jetpack_featured_media_url":"","jetpack_sharing_enabled":true,"jetpack_shortlink":"https:\/\/wp.me\/p7b9YP-3B9","jetpack-related-posts":[{"id":1571,"url":"https:\/\/beck-finkbeiner.ch\/?p=1571","url_meta":{"origin":13835,"position":0},"title":"Ge\u00e4nderte \u00d6ffnungszeiten","author":"Andi Finkbeiner","date":"12. Juli 2016","format":false,"excerpt":"W\u00e4hrend den Schulsommerferien, vom 2. Juli bis 13. August, haben wir etwas verk\u00fcrzte \u00d6ffnungszeiten. Liestal: Montag - Freitag 6.00 - 18.30 Uhr Samstag 6.00 - 15.00 Uhr Pratteln: Montag - Freitag 6.00 - 15.00 Uhr Samstag 6.00 - 13.00 Uhr \u00a0","rel":"","context":"In &quot;Allgemein&quot;","block_context":{"text":"Allgemein","link":"https:\/\/beck-finkbeiner.ch\/?cat=1"},"img":{"alt_text":"","src":"","width":0,"height":0},"classes":[]},{"id":979,"url":"https:\/\/beck-finkbeiner.ch\/?p=979","url_meta":{"origin":13835,"position":1},"title":"Spezielle \u00d6ffnungszeiten in den Sommerferien","author":"Andi Finkbeiner","date":"7. Juli 2014","format":false,"excerpt":"liebe Kundschaft, bis zum Ende der Schulferien am 16. August, haben wir folgende \u00d6ffnungszeiten: Liestal: Montag - Freitag 6.00 - 18.30 Uhr Samstag 6.00 - 15.00 Uhr Pratteln: Dienstag - Freitag 6.00 - 15.00 Uhr Samstag 6.00 - 13.00 Uhr","rel":"","context":"In &quot;Allgemein&quot;","block_context":{"text":"Allgemein","link":"https:\/\/beck-finkbeiner.ch\/?cat=1"},"img":{"alt_text":"","src":"","width":0,"height":0},"classes":[]},{"id":11641,"url":"https:\/\/beck-finkbeiner.ch\/?p=11641","url_meta":{"origin":13835,"position":2},"title":"Verk\u00fcrzte \u00d6ffnungszeiten","author":"Andi Finkbeiner","date":"31. Dezember 2021","format":false,"excerpt":"Liebe KundenDie Weihnachtszeit war wie gewohnt arbeitsreich aber wir haben sie trotz einigen Krankheitsf\u00e4llen, mit viel Einsatz unserer Verk\u00e4uferinnen und B\u00e4cker\/innen meistern k\u00f6nnen. Leider m\u00fcssen wir am Jahresanfang mit weniger Verk\u00e4uferinnen auskommen als f\u00fcr einen normalen Betrieb n\u00f6tig w\u00e4re. Deshalb sind wir gezwungen unsere \u00d6ffnungszeiten in Liestal in den ersten\u2026","rel":"","context":"In &quot;Allgemein&quot;","block_context":{"text":"Allgemein","link":"https:\/\/beck-finkbeiner.ch\/?cat=1"},"img":{"alt_text":"","src":"","width":0,"height":0},"classes":[]},{"id":860,"url":"https:\/\/beck-finkbeiner.ch\/?p=860","url_meta":{"origin":13835,"position":3},"title":"Spezielle \u00d6ffnungszeiten in der Fasnachtswoche","author":"Andi Finkbeiner","date":"5. M\u00e4rz 2014","format":false,"excerpt":"Am Montag den 10. M\u00e4rz haben wir in Liestal von: 6.00 bis 12.00 Uhr ge\u00f6ffnet. Den Rest der Woche haben wir normal von:\u00a0 6.00 bis 18.30 Uhr und am Samstag bis 16.00 Uhr ge\u00f6ffnet.","rel":"","context":"In &quot;Allgemein&quot;","block_context":{"text":"Allgemein","link":"https:\/\/beck-finkbeiner.ch\/?cat=1"},"img":{"alt_text":"","src":"","width":0,"height":0},"classes":[]},{"id":11409,"url":"https:\/\/beck-finkbeiner.ch\/?p=11409","url_meta":{"origin":13835,"position":4},"title":"\u00d6ffnungszeiten in den Schulsommerferien","author":"Andi Finkbeiner","date":"6. Juli 2021","format":false,"excerpt":"In den Schulsommerferien haben wir etwas verk\u00fcrzte \u00d6ffnungszeiten. Ab dem 16. August gelten wieder die normalen \u00d6ffnungszeiten. Liestal:Montag \u2013 Freitag6.00 \u2013 18.00 UhrSamstag6.00 \u2013\u00a015.00 Uhr Pratteln:Dienstag \u2013 Freitag6.00 \u2013\u00a015.00 Uhr Samstag6.15 \u2013 13.00 Uhr","rel":"","context":"In &quot;Allgemein&quot;","block_context":{"text":"Allgemein","link":"https:\/\/beck-finkbeiner.ch\/?cat=1"},"img":{"alt_text":"","src":"https:\/\/i0.wp.com\/beck-finkbeiner.ch\/wp-content\/uploads\/2020\/06\/%C3%96ffnugszeiten-Sommer.png?fit=800%2C800&ssl=1&resize=350%2C200","width":350,"height":200,"srcset":"https:\/\/i0.wp.com\/beck-finkbeiner.ch\/wp-content\/uploads\/2020\/06\/%C3%96ffnugszeiten-Sommer.png?fit=800%2C800&ssl=1&resize=350%2C200 1x, https:\/\/i0.wp.com\/beck-finkbeiner.ch\/wp-content\/uploads\/2020\/06\/%C3%96ffnugszeiten-Sommer.png?fit=800%2C800&ssl=1&resize=525%2C300 1.5x, https:\/\/i0.wp.com\/beck-finkbeiner.ch\/wp-content\/uploads\/2020\/06\/%C3%96ffnugszeiten-Sommer.png?fit=800%2C800&ssl=1&resize=700%2C400 2x"},"classes":[]},{"id":11831,"url":"https:\/\/beck-finkbeiner.ch\/?p=11831","url_meta":{"origin":13835,"position":5},"title":"\u00d6ffnungszeiten in den Schulsommerferien","author":"Andi Finkbeiner","date":"3. Juli 2022","format":false,"excerpt":"In den Schulsommerferien haben wir etwas verk\u00fcrzte \u00d6ffnungszeiten. Ab dem 15. August gelten wieder die normalen \u00d6ffnungszeiten. Liestal:Montag \u2013 Freitag6.00 \u2013\u00a018.30\u00a0UhrSamstag6.00 \u2013\u00a015.00\u00a0Uhr Pratteln:Dienstag \u2013 Freitag6.00 \u2013\u00a015.00\u00a0UhrSamstag6.15 \u2013 13.00 Uhr","rel":"","context":"In &quot;Allgemein&quot;","block_context":{"text":"Allgemein","link":"https:\/\/beck-finkbeiner.ch\/?cat=1"},"img":{"alt_text":"","src":"https:\/\/i0.wp.com\/beck-finkbeiner.ch\/wp-content\/uploads\/2020\/06\/%C3%96ffnugszeiten-Sommer.png?fit=800%2C800&ssl=1&resize=350%2C200","width":350,"height":200,"srcset":"https:\/\/i0.wp.com\/beck-finkbeiner.ch\/wp-content\/uploads\/2020\/06\/%C3%96ffnugszeiten-Sommer.png?fit=800%2C800&ssl=1&resize=350%2C200 1x, https:\/\/i0.wp.com\/beck-finkbeiner.ch\/wp-content\/uploads\/2020\/06\/%C3%96ffnugszeiten-Sommer.png?fit=800%2C800&ssl=1&resize=525%2C300 1.5x, https:\/\/i0.wp.com\/beck-finkbeiner.ch\/wp-content\/uploads\/2020\/06\/%C3%96ffnugszeiten-Sommer.png?fit=800%2C800&ssl=1&resize=700%2C400 2x"},"classes":[]}],"jetpack_likes_enabled":false,"_links":{"self":[{"href":"https:\/\/beck-finkbeiner.ch\/index.php?rest_route=\/wp\/v2\/posts\/13835","targetHints":{"allow":["GET"]}}],"collection":[{"href":"https:\/\/beck-finkbeiner.ch\/index.php?rest_route=\/wp\/v2\/posts"}],"about":[{"href":"https:\/\/beck-finkbeiner.ch\/index.php?rest_route=\/wp\/v2\/types\/post"}],"author":[{"embeddable":true,"href":"https:\/\/beck-finkbeiner.ch\/index.php?rest_route=\/wp\/v2\/users\/1"}],"replies":[{"embeddable":true,"href":"https:\/\/beck-finkbeiner.ch\/index.php?rest_route=%2Fwp%2Fv2%2Fcomments&post=13835"}],"version-history":[{"count":3,"href":"https:\/\/beck-finkbeiner.ch\/index.php?rest_route=\/wp\/v2\/posts\/13835\/revisions"}],"predecessor-version":[{"id":13839,"href":"https:\/\/beck-finkbeiner.ch\/index.php?rest_route=\/wp\/v2\/posts\/13835\/revisions\/13839"}],"wp:attachment":[{"href":"https:\/\/beck-finkbeiner.ch\/index.php?rest_route=%2Fwp%2Fv2%2Fmedia&parent=13835"}],"wp:term":[{"taxonomy":"category","embeddable":true,"href":"https:\/\/beck-finkbeiner.ch\/index.php?rest_route=%2Fwp%2Fv2%2Fcategories&post=13835"},{"taxonomy":"post_tag","embeddable":true,"href":"https:\/\/beck-finkbeiner.ch\/index.php?rest_route=%2Fwp%2Fv2%2Ftags&post=13835"}],"curies":[{"name":"wp","href":"https:\/\/api.w.org\/{rel}","templated":true}]}}