{"id":13563,"date":"2025-07-30T08:51:17","date_gmt":"2025-07-30T07:51:17","guid":{"rendered":"https:\/\/beck-finkbeiner.ch\/?p=13563"},"modified":"2025-07-30T08:51:17","modified_gmt":"2025-07-30T07:51:17","slug":"oeffnungszeiten-31-juli-2-august","status":"publish","type":"post","link":"https:\/\/beck-finkbeiner.ch\/?p=13563","title":{"rendered":"\u00d6ffnungszeiten 31. Juli &#8211; 2. August"},"content":{"rendered":"\n<p class=\"wp-block-paragraph\">F\u00fcr die Tage um den 1. August haben wir etwas verk\u00fcrzte \u00d6ffnungszeiten<\/p>\n\n\n\n<p class=\"wp-block-paragraph\"><strong>Liestal<\/strong><br>Donnerstag 31. Juli bis 15.00 Uhr<br>Freitag 1. August geschlossen<br>Samstag 2. August bis 15.00 Uhr<\/p>\n\n\n\n<p class=\"wp-block-paragraph\"><strong>Pratteln <\/strong><br>Donnerstag 31. Juli bis 13.00 Uhr<br>Freitag 1. August geschlossen<br>Samstag 2. August bis 13.00 Uhr<\/p>\n\n\n\n<p class=\"wp-block-paragraph\">Wir w\u00fcnschen allen einen sch\u00f6nen Nationalfeiertag.<\/p>\n\n\n\n<p class=\"wp-block-paragraph\"><\/p>\n\n\n\n<p class=\"wp-block-paragraph\"><\/p>\n","protected":false},"excerpt":{"rendered":"<p>F\u00fcr die Tage um den 1. August haben wir etwas verk\u00fcrzte \u00d6ffnungszeiten LiestalDonnerstag 31. Juli bis 15.00 UhrFreitag 1. August geschlossenSamstag 2. August bis 15.00 Uhr Pratteln Donnerstag 31. Juli bis 13.00 UhrFreitag 1. August geschlossenSamstag 2. August bis 13.00 Uhr Wir w\u00fcnschen allen einen sch\u00f6nen Nationalfeiertag.<\/p>\n","protected":false},"author":1,"featured_media":0,"comment_status":"closed","ping_status":"closed","sticky":false,"template":"","format":"standard","meta":{"_acf_changed":false,"_crdt_document":"","ngg_post_thumbnail":0,"jetpack_post_was_ever_published":false,"_jetpack_newsletter_access":"","_jetpack_dont_email_post_to_subs":false,"_jetpack_newsletter_tier_id":0,"_jetpack_memberships_contains_paywalled_content":false,"_jetpack_memberships_contains_paid_content":false,"footnotes":"","jetpack_publicize_message":"","jetpack_publicize_feature_enabled":false,"jetpack_social_post_already_shared":false,"jetpack_social_options":{"image_generator_settings":{"template":"highway","enabled":false},"version":2}},"categories":[6],"tags":[],"class_list":["post-13563","post","type-post","status-publish","format-standard","hentry","category-anlaesse"],"acf":[],"jetpack_publicize_connections":[],"jetpack_featured_media_url":"","jetpack_sharing_enabled":true,"jetpack_shortlink":"https:\/\/wp.me\/p7b9YP-3wL","jetpack-related-posts":[{"id":1571,"url":"https:\/\/beck-finkbeiner.ch\/?p=1571","url_meta":{"origin":13563,"position":0},"title":"Ge\u00e4nderte \u00d6ffnungszeiten","author":"Andi Finkbeiner","date":"12. Juli 2016","format":false,"excerpt":"W\u00e4hrend den Schulsommerferien, vom 2. Juli bis 13. August, haben wir etwas verk\u00fcrzte \u00d6ffnungszeiten. Liestal: Montag - Freitag 6.00 - 18.30 Uhr Samstag 6.00 - 15.00 Uhr Pratteln: Montag - Freitag 6.00 - 15.00 Uhr Samstag 6.00 - 13.00 Uhr \u00a0","rel":"","context":"In &quot;Allgemein&quot;","block_context":{"text":"Allgemein","link":"https:\/\/beck-finkbeiner.ch\/?cat=1"},"img":{"alt_text":"","src":"","width":0,"height":0},"classes":[]},{"id":10598,"url":"https:\/\/beck-finkbeiner.ch\/?p=10598","url_meta":{"origin":13563,"position":1},"title":"\u00d6ffnungszeiten w\u00e4hrend den Schulsommerferien","author":"Andi Finkbeiner","date":"29. Juni 2020","format":false,"excerpt":"W\u00e4hrend den Schulsommerferien, vom 29. Juni - 8. August haben wir etwas verk\u00fcrzte \u00d6ffnungszeiten- in Liestal: Montag - Freitag bis 18.00 Uhr an Samstagen bis 15.00 Uhr- in Pratteln: Dienstag - Freitag bis 15.00 Uhr, Samstag bis 13.00 Uhr Wir w\u00fcnschen allen, dass Sie den Sommer trotz Corona geniessen k\u00f6nnen\u2026","rel":"","context":"In &quot;Allgemein&quot;","block_context":{"text":"Allgemein","link":"https:\/\/beck-finkbeiner.ch\/?cat=1"},"img":{"alt_text":"","src":"https:\/\/i0.wp.com\/beck-finkbeiner.ch\/wp-content\/uploads\/2020\/06\/%C3%96ffnugszeiten-Sommer.png?fit=800%2C800&ssl=1&resize=350%2C200","width":350,"height":200,"srcset":"https:\/\/i0.wp.com\/beck-finkbeiner.ch\/wp-content\/uploads\/2020\/06\/%C3%96ffnugszeiten-Sommer.png?fit=800%2C800&ssl=1&resize=350%2C200 1x, https:\/\/i0.wp.com\/beck-finkbeiner.ch\/wp-content\/uploads\/2020\/06\/%C3%96ffnugszeiten-Sommer.png?fit=800%2C800&ssl=1&resize=525%2C300 1.5x, https:\/\/i0.wp.com\/beck-finkbeiner.ch\/wp-content\/uploads\/2020\/06\/%C3%96ffnugszeiten-Sommer.png?fit=800%2C800&ssl=1&resize=700%2C400 2x"},"classes":[]},{"id":979,"url":"https:\/\/beck-finkbeiner.ch\/?p=979","url_meta":{"origin":13563,"position":2},"title":"Spezielle \u00d6ffnungszeiten in den Sommerferien","author":"Andi Finkbeiner","date":"7. Juli 2014","format":false,"excerpt":"liebe Kundschaft, bis zum Ende der Schulferien am 16. August, haben wir folgende \u00d6ffnungszeiten: Liestal: Montag - Freitag 6.00 - 18.30 Uhr Samstag 6.00 - 15.00 Uhr Pratteln: Dienstag - Freitag 6.00 - 15.00 Uhr Samstag 6.00 - 13.00 Uhr","rel":"","context":"In &quot;Allgemein&quot;","block_context":{"text":"Allgemein","link":"https:\/\/beck-finkbeiner.ch\/?cat=1"},"img":{"alt_text":"","src":"","width":0,"height":0},"classes":[]},{"id":10880,"url":"https:\/\/beck-finkbeiner.ch\/?p=10880","url_meta":{"origin":13563,"position":3},"title":"\u00d6ffnungszeiten \u00fcber die Festtage","author":"Andi Finkbeiner","date":"16. Dezember 2020","format":false,"excerpt":"Liebe Kunden Wir danken Ihnen herzlich f\u00fcr Ihre Treue, in diesem sehr speziellen Jahr und hoffen Sie auch weiterhin zu unsere Kunden z\u00e4hlen zu d\u00fcrfen.\u00dcber die Festtage, vom 24. Dezember 2020 bis 2. Januar 2021, haben wir folgende \u00d6ffnungszeiten: Liestal Do24. DezemberHeiligabendbis 16.00 UhrFr - So25. - 27. DezemberWeihnachten &\u2026","rel":"","context":"In &quot;Allgemein&quot;","block_context":{"text":"Allgemein","link":"https:\/\/beck-finkbeiner.ch\/?cat=1"},"img":{"alt_text":"","src":"https:\/\/i0.wp.com\/beck-finkbeiner.ch\/wp-content\/uploads\/2020\/12\/2020-11-29_Liestal_Weihnachtslichter.jpg?resize=350%2C200&ssl=1","width":350,"height":200,"srcset":"https:\/\/i0.wp.com\/beck-finkbeiner.ch\/wp-content\/uploads\/2020\/12\/2020-11-29_Liestal_Weihnachtslichter.jpg?resize=350%2C200&ssl=1 1x, https:\/\/i0.wp.com\/beck-finkbeiner.ch\/wp-content\/uploads\/2020\/12\/2020-11-29_Liestal_Weihnachtslichter.jpg?resize=525%2C300&ssl=1 1.5x, https:\/\/i0.wp.com\/beck-finkbeiner.ch\/wp-content\/uploads\/2020\/12\/2020-11-29_Liestal_Weihnachtslichter.jpg?resize=700%2C400&ssl=1 2x, https:\/\/i0.wp.com\/beck-finkbeiner.ch\/wp-content\/uploads\/2020\/12\/2020-11-29_Liestal_Weihnachtslichter.jpg?resize=1050%2C600&ssl=1 3x, https:\/\/i0.wp.com\/beck-finkbeiner.ch\/wp-content\/uploads\/2020\/12\/2020-11-29_Liestal_Weihnachtslichter.jpg?resize=1400%2C800&ssl=1 4x"},"classes":[]},{"id":11409,"url":"https:\/\/beck-finkbeiner.ch\/?p=11409","url_meta":{"origin":13563,"position":4},"title":"\u00d6ffnungszeiten in den Schulsommerferien","author":"Andi Finkbeiner","date":"6. Juli 2021","format":false,"excerpt":"In den Schulsommerferien haben wir etwas verk\u00fcrzte \u00d6ffnungszeiten. Ab dem 16. August gelten wieder die normalen \u00d6ffnungszeiten. Liestal:Montag \u2013 Freitag6.00 \u2013 18.00 UhrSamstag6.00 \u2013\u00a015.00 Uhr Pratteln:Dienstag \u2013 Freitag6.00 \u2013\u00a015.00 Uhr Samstag6.15 \u2013 13.00 Uhr","rel":"","context":"In &quot;Allgemein&quot;","block_context":{"text":"Allgemein","link":"https:\/\/beck-finkbeiner.ch\/?cat=1"},"img":{"alt_text":"","src":"https:\/\/i0.wp.com\/beck-finkbeiner.ch\/wp-content\/uploads\/2020\/06\/%C3%96ffnugszeiten-Sommer.png?fit=800%2C800&ssl=1&resize=350%2C200","width":350,"height":200,"srcset":"https:\/\/i0.wp.com\/beck-finkbeiner.ch\/wp-content\/uploads\/2020\/06\/%C3%96ffnugszeiten-Sommer.png?fit=800%2C800&ssl=1&resize=350%2C200 1x, https:\/\/i0.wp.com\/beck-finkbeiner.ch\/wp-content\/uploads\/2020\/06\/%C3%96ffnugszeiten-Sommer.png?fit=800%2C800&ssl=1&resize=525%2C300 1.5x, https:\/\/i0.wp.com\/beck-finkbeiner.ch\/wp-content\/uploads\/2020\/06\/%C3%96ffnugszeiten-Sommer.png?fit=800%2C800&ssl=1&resize=700%2C400 2x"},"classes":[]},{"id":11831,"url":"https:\/\/beck-finkbeiner.ch\/?p=11831","url_meta":{"origin":13563,"position":5},"title":"\u00d6ffnungszeiten in den Schulsommerferien","author":"Andi Finkbeiner","date":"3. Juli 2022","format":false,"excerpt":"In den Schulsommerferien haben wir etwas verk\u00fcrzte \u00d6ffnungszeiten. Ab dem 15. August gelten wieder die normalen \u00d6ffnungszeiten. Liestal:Montag \u2013 Freitag6.00 \u2013\u00a018.30\u00a0UhrSamstag6.00 \u2013\u00a015.00\u00a0Uhr Pratteln:Dienstag \u2013 Freitag6.00 \u2013\u00a015.00\u00a0UhrSamstag6.15 \u2013 13.00 Uhr","rel":"","context":"In &quot;Allgemein&quot;","block_context":{"text":"Allgemein","link":"https:\/\/beck-finkbeiner.ch\/?cat=1"},"img":{"alt_text":"","src":"https:\/\/i0.wp.com\/beck-finkbeiner.ch\/wp-content\/uploads\/2020\/06\/%C3%96ffnugszeiten-Sommer.png?fit=800%2C800&ssl=1&resize=350%2C200","width":350,"height":200,"srcset":"https:\/\/i0.wp.com\/beck-finkbeiner.ch\/wp-content\/uploads\/2020\/06\/%C3%96ffnugszeiten-Sommer.png?fit=800%2C800&ssl=1&resize=350%2C200 1x, https:\/\/i0.wp.com\/beck-finkbeiner.ch\/wp-content\/uploads\/2020\/06\/%C3%96ffnugszeiten-Sommer.png?fit=800%2C800&ssl=1&resize=525%2C300 1.5x, https:\/\/i0.wp.com\/beck-finkbeiner.ch\/wp-content\/uploads\/2020\/06\/%C3%96ffnugszeiten-Sommer.png?fit=800%2C800&ssl=1&resize=700%2C400 2x"},"classes":[]}],"jetpack_likes_enabled":false,"_links":{"self":[{"href":"https:\/\/beck-finkbeiner.ch\/index.php?rest_route=\/wp\/v2\/posts\/13563","targetHints":{"allow":["GET"]}}],"collection":[{"href":"https:\/\/beck-finkbeiner.ch\/index.php?rest_route=\/wp\/v2\/posts"}],"about":[{"href":"https:\/\/beck-finkbeiner.ch\/index.php?rest_route=\/wp\/v2\/types\/post"}],"author":[{"embeddable":true,"href":"https:\/\/beck-finkbeiner.ch\/index.php?rest_route=\/wp\/v2\/users\/1"}],"replies":[{"embeddable":true,"href":"https:\/\/beck-finkbeiner.ch\/index.php?rest_route=%2Fwp%2Fv2%2Fcomments&post=13563"}],"version-history":[{"count":2,"href":"https:\/\/beck-finkbeiner.ch\/index.php?rest_route=\/wp\/v2\/posts\/13563\/revisions"}],"predecessor-version":[{"id":13565,"href":"https:\/\/beck-finkbeiner.ch\/index.php?rest_route=\/wp\/v2\/posts\/13563\/revisions\/13565"}],"wp:attachment":[{"href":"https:\/\/beck-finkbeiner.ch\/index.php?rest_route=%2Fwp%2Fv2%2Fmedia&parent=13563"}],"wp:term":[{"taxonomy":"category","embeddable":true,"href":"https:\/\/beck-finkbeiner.ch\/index.php?rest_route=%2Fwp%2Fv2%2Fcategories&post=13563"},{"taxonomy":"post_tag","embeddable":true,"href":"https:\/\/beck-finkbeiner.ch\/index.php?rest_route=%2Fwp%2Fv2%2Ftags&post=13563"}],"curies":[{"name":"wp","href":"https:\/\/api.w.org\/{rel}","templated":true}]}}