{"id":124,"date":"2013-10-22T20:03:57","date_gmt":"2013-10-22T18:03:57","guid":{"rendered":"http:\/\/beck-finkbeiner.ch\/?p=124"},"modified":"2013-10-22T20:07:18","modified_gmt":"2013-10-22T18:07:18","slug":"die-perfekte-kombination","status":"publish","type":"post","link":"https:\/\/beck-finkbeiner.ch\/?p=124","title":{"rendered":"Die perfekte Kombination"},"content":{"rendered":"<p>1 Kaffi Crem\u00e9 + 1 Valser Classic oder Valser Silence (0.5l)<\/p>\n<p><strong>Fr. 5.50 statt Fr. 6.50<\/strong><\/p>\n<p>&nbsp;<\/p>\n","protected":false},"excerpt":{"rendered":"<p>1 Kaffi Crem\u00e9 + 1 Valser Classic oder Valser Silence (0.5l) Fr. 5.50 statt Fr. 6.50 &nbsp;<\/p>\n","protected":false},"author":1,"featured_media":0,"comment_status":"open","ping_status":"open","sticky":false,"template":"","format":"standard","meta":{"_acf_changed":false,"_crdt_document":"","ngg_post_thumbnail":0,"jetpack_post_was_ever_published":false,"_jetpack_newsletter_access":"","_jetpack_dont_email_post_to_subs":false,"_jetpack_newsletter_tier_id":0,"_jetpack_memberships_contains_paywalled_content":false,"_jetpack_memberships_contains_paid_content":false,"footnotes":"","jetpack_publicize_message":"","jetpack_publicize_feature_enabled":true,"jetpack_social_post_already_shared":false,"jetpack_social_options":{"image_generator_settings":{"template":"highway","default_image_id":0,"font":"","enabled":false},"version":2}},"categories":[5],"tags":[12],"class_list":["post-124","post","type-post","status-publish","format-standard","hentry","category-aktion","tag-kaffi"],"acf":[],"jetpack_publicize_connections":[],"jetpack_featured_media_url":"","jetpack_sharing_enabled":true,"jetpack_shortlink":"https:\/\/wp.me\/p7b9YP-20","jetpack-related-posts":[{"id":119,"url":"https:\/\/beck-finkbeiner.ch\/?p=119","url_meta":{"origin":124,"position":0},"title":"Zusammen kaufen und profitieren!","author":"Andi Finkbeiner","date":"22. Oktober 2013","format":false,"excerpt":"Aktion in Liestal Kaffi Fr. 3.50 mit Buttergipfel Fr. 4.50 (statt Fr. 4.80) mit Knusper- oder Laugengipfel Fr. 4.90 (statt Fr. 5.20)","rel":"","context":"In &quot;Aktion&quot;","block_context":{"text":"Aktion","link":"https:\/\/beck-finkbeiner.ch\/?cat=5"},"img":{"alt_text":"Gipfeli & Kaffee","src":"https:\/\/i0.wp.com\/beck-finkbeiner.ch\/wp-content\/uploads\/2013\/10\/1100143_v1-300x225.jpg?resize=350%2C200","width":350,"height":200},"classes":[]},{"id":5389,"url":"https:\/\/beck-finkbeiner.ch\/?p=5389","url_meta":{"origin":124,"position":1},"title":"Tageshit am Samstag 21. September","author":"Andi Finkbeiner","date":"20. September 2019","format":false,"excerpt":"Der Herbst kommt und somit auch die Vermicelles, unser Tageshit darum Vermicelles f\u00fcr Fr. 3.80 statt Fr. 4.50","rel":"","context":"In &quot;Aktion&quot;","block_context":{"text":"Aktion","link":"https:\/\/beck-finkbeiner.ch\/?cat=5"},"img":{"alt_text":"","src":"https:\/\/i0.wp.com\/beck-finkbeiner.ch\/wp-content\/uploads\/2019\/09\/Vermicelles-insta.jpg?fit=1200%2C1200&ssl=1&resize=350%2C200","width":350,"height":200,"srcset":"https:\/\/i0.wp.com\/beck-finkbeiner.ch\/wp-content\/uploads\/2019\/09\/Vermicelles-insta.jpg?fit=1200%2C1200&ssl=1&resize=350%2C200 1x, https:\/\/i0.wp.com\/beck-finkbeiner.ch\/wp-content\/uploads\/2019\/09\/Vermicelles-insta.jpg?fit=1200%2C1200&ssl=1&resize=525%2C300 1.5x, https:\/\/i0.wp.com\/beck-finkbeiner.ch\/wp-content\/uploads\/2019\/09\/Vermicelles-insta.jpg?fit=1200%2C1200&ssl=1&resize=700%2C400 2x, https:\/\/i0.wp.com\/beck-finkbeiner.ch\/wp-content\/uploads\/2019\/09\/Vermicelles-insta.jpg?fit=1200%2C1200&ssl=1&resize=1050%2C600 3x"},"classes":[]},{"id":2150,"url":"https:\/\/beck-finkbeiner.ch\/?p=2150","url_meta":{"origin":124,"position":2},"title":"Cremeschnittenaktion","author":"Andi Finkbeiner","date":"19. Mai 2017","format":false,"excerpt":"Cremeschnitten-Aktion am Samstag 20. Mai! Fr. 2.50 statt Fr. 3.40","rel":"","context":"In &quot;Aktion&quot;","block_context":{"text":"Aktion","link":"https:\/\/beck-finkbeiner.ch\/?cat=5"},"img":{"alt_text":"Cremeschnitten","src":"https:\/\/i0.wp.com\/beck-finkbeiner.ch\/wp-content\/uploads\/2017\/05\/Cremeschnitten-300x300.jpg?resize=350%2C200&ssl=1","width":350,"height":200},"classes":[]},{"id":9750,"url":"https:\/\/beck-finkbeiner.ch\/?p=9750","url_meta":{"origin":124,"position":3},"title":"Tageshit am Samstag den 29. Februar","author":"Andi Finkbeiner","date":"27. Februar 2020","format":false,"excerpt":"Zur Fasnacht haben wir wir unsere Schenkeli statt f\u00fcr Fr. 1.70 f\u00fcr Fr. 1.50 und mit den Fasten- Ch\u00e4s und Zwiebelwaien, k\u00f6nnen Sie sich in Fasnachtsstimmung bringen.","rel":"","context":"In &quot;Aktion&quot;","block_context":{"text":"Aktion","link":"https:\/\/beck-finkbeiner.ch\/?cat=5"},"img":{"alt_text":"","src":"https:\/\/i0.wp.com\/beck-finkbeiner.ch\/wp-content\/uploads\/2020\/02\/Schenkeli3.jpg?fit=900%2C1200&ssl=1&resize=350%2C200","width":350,"height":200,"srcset":"https:\/\/i0.wp.com\/beck-finkbeiner.ch\/wp-content\/uploads\/2020\/02\/Schenkeli3.jpg?fit=900%2C1200&ssl=1&resize=350%2C200 1x, https:\/\/i0.wp.com\/beck-finkbeiner.ch\/wp-content\/uploads\/2020\/02\/Schenkeli3.jpg?fit=900%2C1200&ssl=1&resize=525%2C300 1.5x, https:\/\/i0.wp.com\/beck-finkbeiner.ch\/wp-content\/uploads\/2020\/02\/Schenkeli3.jpg?fit=900%2C1200&ssl=1&resize=700%2C400 2x"},"classes":[]},{"id":2864,"url":"https:\/\/beck-finkbeiner.ch\/?p=2864","url_meta":{"origin":124,"position":4},"title":"Aktion Schwedenschnitte","author":"Andi Finkbeiner","date":"25. Mai 2018","format":false,"excerpt":"Morgen Samstag den 26. Mai gibt es unsere feinen Schwedenschnitten f\u00fcr Fr. 3.- statt Fr. 3.20. Es het so langs het...","rel":"","context":"In &quot;Aktion&quot;","block_context":{"text":"Aktion","link":"https:\/\/beck-finkbeiner.ch\/?cat=5"},"img":{"alt_text":"","src":"https:\/\/i0.wp.com\/beck-finkbeiner.ch\/wp-content\/uploads\/2018\/05\/Schwedenschnitte.jpeg?fit=983%2C675&ssl=1&resize=350%2C200","width":350,"height":200,"srcset":"https:\/\/i0.wp.com\/beck-finkbeiner.ch\/wp-content\/uploads\/2018\/05\/Schwedenschnitte.jpeg?fit=983%2C675&ssl=1&resize=350%2C200 1x, https:\/\/i0.wp.com\/beck-finkbeiner.ch\/wp-content\/uploads\/2018\/05\/Schwedenschnitte.jpeg?fit=983%2C675&ssl=1&resize=525%2C300 1.5x, https:\/\/i0.wp.com\/beck-finkbeiner.ch\/wp-content\/uploads\/2018\/05\/Schwedenschnitte.jpeg?fit=983%2C675&ssl=1&resize=700%2C400 2x"},"classes":[]},{"id":2868,"url":"https:\/\/beck-finkbeiner.ch\/?p=2868","url_meta":{"origin":124,"position":5},"title":"Aktion Vanille Cornet","author":"Andi Finkbeiner","date":"1. Juni 2018","format":false,"excerpt":"Morgen Samstag den 2. Juni gibt es, bei und in Liestal, unsere feinen Vanille-Cornets f\u00fcr Fr. 3.- statt Fr. 3.40. Es het so langs het...","rel":"","context":"In &quot;Aktion&quot;","block_context":{"text":"Aktion","link":"https:\/\/beck-finkbeiner.ch\/?cat=5"},"img":{"alt_text":"","src":"https:\/\/i0.wp.com\/beck-finkbeiner.ch\/wp-content\/uploads\/2018\/06\/vanille-cornet-300x169.jpg?resize=350%2C200&ssl=1","width":350,"height":200},"classes":[]}],"jetpack_likes_enabled":false,"_links":{"self":[{"href":"https:\/\/beck-finkbeiner.ch\/index.php?rest_route=\/wp\/v2\/posts\/124","targetHints":{"allow":["GET"]}}],"collection":[{"href":"https:\/\/beck-finkbeiner.ch\/index.php?rest_route=\/wp\/v2\/posts"}],"about":[{"href":"https:\/\/beck-finkbeiner.ch\/index.php?rest_route=\/wp\/v2\/types\/post"}],"author":[{"embeddable":true,"href":"https:\/\/beck-finkbeiner.ch\/index.php?rest_route=\/wp\/v2\/users\/1"}],"replies":[{"embeddable":true,"href":"https:\/\/beck-finkbeiner.ch\/index.php?rest_route=%2Fwp%2Fv2%2Fcomments&post=124"}],"version-history":[{"count":3,"href":"https:\/\/beck-finkbeiner.ch\/index.php?rest_route=\/wp\/v2\/posts\/124\/revisions"}],"predecessor-version":[{"id":127,"href":"https:\/\/beck-finkbeiner.ch\/index.php?rest_route=\/wp\/v2\/posts\/124\/revisions\/127"}],"wp:attachment":[{"href":"https:\/\/beck-finkbeiner.ch\/index.php?rest_route=%2Fwp%2Fv2%2Fmedia&parent=124"}],"wp:term":[{"taxonomy":"category","embeddable":true,"href":"https:\/\/beck-finkbeiner.ch\/index.php?rest_route=%2Fwp%2Fv2%2Fcategories&post=124"},{"taxonomy":"post_tag","embeddable":true,"href":"https:\/\/beck-finkbeiner.ch\/index.php?rest_route=%2Fwp%2Fv2%2Ftags&post=124"}],"curies":[{"name":"wp","href":"https:\/\/api.w.org\/{rel}","templated":true}]}}