{"id":119,"date":"2013-10-22T19:55:55","date_gmt":"2013-10-22T17:55:55","guid":{"rendered":"http:\/\/beck-finkbeiner.ch\/?p=119"},"modified":"2013-10-22T23:14:19","modified_gmt":"2013-10-22T21:14:19","slug":"kaffi-und-gipfeli","status":"publish","type":"post","link":"https:\/\/beck-finkbeiner.ch\/?p=119","title":{"rendered":"Zusammen kaufen und profitieren!"},"content":{"rendered":"<p><a href=\"https:\/\/i0.wp.com\/beck-finkbeiner.ch\/wp-content\/uploads\/2013\/10\/1100143_v1.jpg\"><img data-recalc-dims=\"1\" loading=\"lazy\" decoding=\"async\" data-attachment-id=\"120\" data-permalink=\"https:\/\/beck-finkbeiner.ch\/?attachment_id=120\" data-orig-file=\"https:\/\/i0.wp.com\/beck-finkbeiner.ch\/wp-content\/uploads\/2013\/10\/1100143_v1.jpg?fit=640%2C480&amp;ssl=1\" data-orig-size=\"640,480\" data-comments-opened=\"1\" data-image-meta=\"{&quot;aperture&quot;:&quot;5.2&quot;,&quot;credit&quot;:&quot;&quot;,&quot;camera&quot;:&quot;DMC-GF2&quot;,&quot;caption&quot;:&quot;&quot;,&quot;created_timestamp&quot;:&quot;1382435248&quot;,&quot;copyright&quot;:&quot;&quot;,&quot;focal_length&quot;:&quot;34&quot;,&quot;iso&quot;:&quot;400&quot;,&quot;shutter_speed&quot;:&quot;0.1&quot;,&quot;title&quot;:&quot;Gipfeli \\u0026 Kaffee&quot;}\" data-image-title=\"Gipfeli &amp;#038; Kaffee\" data-image-description=\"\" data-image-caption=\"\" data-large-file=\"https:\/\/i0.wp.com\/beck-finkbeiner.ch\/wp-content\/uploads\/2013\/10\/1100143_v1.jpg?fit=640%2C480&amp;ssl=1\" class=\"alignnone size-medium wp-image-120\" alt=\"Gipfeli &amp; Kaffee\" src=\"https:\/\/i0.wp.com\/beck-finkbeiner.ch\/wp-content\/uploads\/2013\/10\/1100143_v1-300x225.jpg?resize=300%2C225\" width=\"300\" height=\"225\" srcset=\"https:\/\/i0.wp.com\/beck-finkbeiner.ch\/wp-content\/uploads\/2013\/10\/1100143_v1.jpg?resize=300%2C225&amp;ssl=1 300w, https:\/\/i0.wp.com\/beck-finkbeiner.ch\/wp-content\/uploads\/2013\/10\/1100143_v1.jpg?resize=400%2C300&amp;ssl=1 400w, https:\/\/i0.wp.com\/beck-finkbeiner.ch\/wp-content\/uploads\/2013\/10\/1100143_v1.jpg?w=640&amp;ssl=1 640w\" sizes=\"auto, (max-width: 300px) 100vw, 300px\" \/><\/a><\/p>\n<p>Aktion in Liestal<\/p>\n<p>Kaffi Fr. 3.50<\/p>\n<p>mit Buttergipfel Fr. 4.50 (statt Fr. 4.80)<\/p>\n<p>mit Knusper- oder Laugengipfel Fr. 4.90 (statt Fr. 5.20)<\/p>\n","protected":false},"excerpt":{"rendered":"<p>Aktion in Liestal Kaffi Fr. 3.50 mit Buttergipfel Fr. 4.50 (statt Fr. 4.80) mit Knusper- oder Laugengipfel Fr. 4.90 (statt Fr. 5.20)<\/p>\n","protected":false},"author":1,"featured_media":0,"comment_status":"open","ping_status":"open","sticky":false,"template":"","format":"standard","meta":{"_acf_changed":false,"_crdt_document":"","ngg_post_thumbnail":0,"jetpack_post_was_ever_published":false,"_jetpack_newsletter_access":"","_jetpack_dont_email_post_to_subs":false,"_jetpack_newsletter_tier_id":0,"_jetpack_memberships_contains_paywalled_content":false,"_jetpack_memberships_contains_paid_content":false,"footnotes":"","jetpack_publicize_message":"","jetpack_publicize_feature_enabled":true,"jetpack_social_post_already_shared":false,"jetpack_social_options":{"image_generator_settings":{"template":"highway","default_image_id":0,"font":"","enabled":false},"version":2}},"categories":[5],"tags":[13,12],"class_list":["post-119","post","type-post","status-publish","format-standard","hentry","category-aktion","tag-gipfeli","tag-kaffi"],"acf":[],"jetpack_publicize_connections":[],"jetpack_featured_media_url":"","jetpack_sharing_enabled":true,"jetpack_shortlink":"https:\/\/wp.me\/p7b9YP-1V","jetpack-related-posts":[{"id":124,"url":"https:\/\/beck-finkbeiner.ch\/?p=124","url_meta":{"origin":119,"position":0},"title":"Die perfekte Kombination","author":"Andi Finkbeiner","date":"22. Oktober 2013","format":false,"excerpt":"1 Kaffi Crem\u00e9 + 1 Valser Classic oder Valser Silence (0.5l) Fr. 5.50 statt Fr. 6.50 \u00a0","rel":"","context":"In &quot;Aktion&quot;","block_context":{"text":"Aktion","link":"https:\/\/beck-finkbeiner.ch\/?cat=5"},"img":{"alt_text":"","src":"","width":0,"height":0},"classes":[]},{"id":2150,"url":"https:\/\/beck-finkbeiner.ch\/?p=2150","url_meta":{"origin":119,"position":1},"title":"Cremeschnittenaktion","author":"Andi Finkbeiner","date":"19. Mai 2017","format":false,"excerpt":"Cremeschnitten-Aktion am Samstag 20. Mai! Fr. 2.50 statt Fr. 3.40","rel":"","context":"In &quot;Aktion&quot;","block_context":{"text":"Aktion","link":"https:\/\/beck-finkbeiner.ch\/?cat=5"},"img":{"alt_text":"Cremeschnitten","src":"https:\/\/i0.wp.com\/beck-finkbeiner.ch\/wp-content\/uploads\/2017\/05\/Cremeschnitten-300x300.jpg?resize=350%2C200&ssl=1","width":350,"height":200},"classes":[]},{"id":2864,"url":"https:\/\/beck-finkbeiner.ch\/?p=2864","url_meta":{"origin":119,"position":2},"title":"Aktion Schwedenschnitte","author":"Andi Finkbeiner","date":"25. Mai 2018","format":false,"excerpt":"Morgen Samstag den 26. Mai gibt es unsere feinen Schwedenschnitten f\u00fcr Fr. 3.- statt Fr. 3.20. Es het so langs het...","rel":"","context":"In &quot;Aktion&quot;","block_context":{"text":"Aktion","link":"https:\/\/beck-finkbeiner.ch\/?cat=5"},"img":{"alt_text":"","src":"https:\/\/i0.wp.com\/beck-finkbeiner.ch\/wp-content\/uploads\/2018\/05\/Schwedenschnitte.jpeg?fit=983%2C675&ssl=1&resize=350%2C200","width":350,"height":200,"srcset":"https:\/\/i0.wp.com\/beck-finkbeiner.ch\/wp-content\/uploads\/2018\/05\/Schwedenschnitte.jpeg?fit=983%2C675&ssl=1&resize=350%2C200 1x, https:\/\/i0.wp.com\/beck-finkbeiner.ch\/wp-content\/uploads\/2018\/05\/Schwedenschnitte.jpeg?fit=983%2C675&ssl=1&resize=525%2C300 1.5x, https:\/\/i0.wp.com\/beck-finkbeiner.ch\/wp-content\/uploads\/2018\/05\/Schwedenschnitte.jpeg?fit=983%2C675&ssl=1&resize=700%2C400 2x"},"classes":[]},{"id":2868,"url":"https:\/\/beck-finkbeiner.ch\/?p=2868","url_meta":{"origin":119,"position":3},"title":"Aktion Vanille Cornet","author":"Andi Finkbeiner","date":"1. Juni 2018","format":false,"excerpt":"Morgen Samstag den 2. Juni gibt es, bei und in Liestal, unsere feinen Vanille-Cornets f\u00fcr Fr. 3.- statt Fr. 3.40. Es het so langs het...","rel":"","context":"In &quot;Aktion&quot;","block_context":{"text":"Aktion","link":"https:\/\/beck-finkbeiner.ch\/?cat=5"},"img":{"alt_text":"","src":"https:\/\/i0.wp.com\/beck-finkbeiner.ch\/wp-content\/uploads\/2018\/06\/vanille-cornet-300x169.jpg?resize=350%2C200&ssl=1","width":350,"height":200},"classes":[]},{"id":9750,"url":"https:\/\/beck-finkbeiner.ch\/?p=9750","url_meta":{"origin":119,"position":4},"title":"Tageshit am Samstag den 29. Februar","author":"Andi Finkbeiner","date":"27. Februar 2020","format":false,"excerpt":"Zur Fasnacht haben wir wir unsere Schenkeli statt f\u00fcr Fr. 1.70 f\u00fcr Fr. 1.50 und mit den Fasten- Ch\u00e4s und Zwiebelwaien, k\u00f6nnen Sie sich in Fasnachtsstimmung bringen.","rel":"","context":"In &quot;Aktion&quot;","block_context":{"text":"Aktion","link":"https:\/\/beck-finkbeiner.ch\/?cat=5"},"img":{"alt_text":"","src":"https:\/\/i0.wp.com\/beck-finkbeiner.ch\/wp-content\/uploads\/2020\/02\/Schenkeli3.jpg?fit=900%2C1200&ssl=1&resize=350%2C200","width":350,"height":200,"srcset":"https:\/\/i0.wp.com\/beck-finkbeiner.ch\/wp-content\/uploads\/2020\/02\/Schenkeli3.jpg?fit=900%2C1200&ssl=1&resize=350%2C200 1x, https:\/\/i0.wp.com\/beck-finkbeiner.ch\/wp-content\/uploads\/2020\/02\/Schenkeli3.jpg?fit=900%2C1200&ssl=1&resize=525%2C300 1.5x, https:\/\/i0.wp.com\/beck-finkbeiner.ch\/wp-content\/uploads\/2020\/02\/Schenkeli3.jpg?fit=900%2C1200&ssl=1&resize=700%2C400 2x"},"classes":[]},{"id":6855,"url":"https:\/\/beck-finkbeiner.ch\/?p=6855","url_meta":{"origin":119,"position":5},"title":"Tageshit am Samstag 16. November","author":"Andi Finkbeiner","date":"14. November 2019","format":false,"excerpt":"Am Samstag haben wir gluschtige Himbeergugelh\u00f6pfli als unseren Tages-Hit. F\u00fcr Fr. 1.80 statt Fr.2.20.","rel":"","context":"In &quot;Aktion&quot;","block_context":{"text":"Aktion","link":"https:\/\/beck-finkbeiner.ch\/?cat=5"},"img":{"alt_text":"","src":"https:\/\/i0.wp.com\/beck-finkbeiner.ch\/wp-content\/uploads\/2019\/07\/Himbeergugelh%C3%B6pfli-insta.png?fit=1200%2C1199&ssl=1&resize=350%2C200","width":350,"height":200,"srcset":"https:\/\/i0.wp.com\/beck-finkbeiner.ch\/wp-content\/uploads\/2019\/07\/Himbeergugelh%C3%B6pfli-insta.png?fit=1200%2C1199&ssl=1&resize=350%2C200 1x, https:\/\/i0.wp.com\/beck-finkbeiner.ch\/wp-content\/uploads\/2019\/07\/Himbeergugelh%C3%B6pfli-insta.png?fit=1200%2C1199&ssl=1&resize=525%2C300 1.5x, https:\/\/i0.wp.com\/beck-finkbeiner.ch\/wp-content\/uploads\/2019\/07\/Himbeergugelh%C3%B6pfli-insta.png?fit=1200%2C1199&ssl=1&resize=700%2C400 2x, https:\/\/i0.wp.com\/beck-finkbeiner.ch\/wp-content\/uploads\/2019\/07\/Himbeergugelh%C3%B6pfli-insta.png?fit=1200%2C1199&ssl=1&resize=1050%2C600 3x"},"classes":[]}],"jetpack_likes_enabled":false,"_links":{"self":[{"href":"https:\/\/beck-finkbeiner.ch\/index.php?rest_route=\/wp\/v2\/posts\/119","targetHints":{"allow":["GET"]}}],"collection":[{"href":"https:\/\/beck-finkbeiner.ch\/index.php?rest_route=\/wp\/v2\/posts"}],"about":[{"href":"https:\/\/beck-finkbeiner.ch\/index.php?rest_route=\/wp\/v2\/types\/post"}],"author":[{"embeddable":true,"href":"https:\/\/beck-finkbeiner.ch\/index.php?rest_route=\/wp\/v2\/users\/1"}],"replies":[{"embeddable":true,"href":"https:\/\/beck-finkbeiner.ch\/index.php?rest_route=%2Fwp%2Fv2%2Fcomments&post=119"}],"version-history":[{"count":6,"href":"https:\/\/beck-finkbeiner.ch\/index.php?rest_route=\/wp\/v2\/posts\/119\/revisions"}],"predecessor-version":[{"id":175,"href":"https:\/\/beck-finkbeiner.ch\/index.php?rest_route=\/wp\/v2\/posts\/119\/revisions\/175"}],"wp:attachment":[{"href":"https:\/\/beck-finkbeiner.ch\/index.php?rest_route=%2Fwp%2Fv2%2Fmedia&parent=119"}],"wp:term":[{"taxonomy":"category","embeddable":true,"href":"https:\/\/beck-finkbeiner.ch\/index.php?rest_route=%2Fwp%2Fv2%2Fcategories&post=119"},{"taxonomy":"post_tag","embeddable":true,"href":"https:\/\/beck-finkbeiner.ch\/index.php?rest_route=%2Fwp%2Fv2%2Ftags&post=119"}],"curies":[{"name":"wp","href":"https:\/\/api.w.org\/{rel}","templated":true}]}}