{"id":10880,"date":"2020-12-16T17:29:44","date_gmt":"2020-12-16T16:29:44","guid":{"rendered":"https:\/\/beck-finkbeiner.ch\/?p=10880"},"modified":"2020-12-16T17:30:41","modified_gmt":"2020-12-16T16:30:41","slug":"oeffnungszeiten-ueber-die-festtage","status":"publish","type":"post","link":"https:\/\/beck-finkbeiner.ch\/?p=10880","title":{"rendered":"\u00d6ffnungszeiten \u00fcber die Festtage"},"content":{"rendered":"\n<p class=\"wp-block-paragraph\" id=\"block-c457d157-8302-41f0-be76-eda97afe7ee8\">Liebe Kunden <br>Wir danken Ihnen herzlich f\u00fcr Ihre Treue, in diesem sehr speziellen Jahr und hoffen Sie auch weiterhin zu unsere Kunden z\u00e4hlen zu d\u00fcrfen.<br>\u00dcber die Festtage, vom 24. Dezember 2020 bis 2. Januar 2021, haben wir folgende \u00d6ffnungszeiten:<\/p>\n\n\n\n<!--more-->\n\n\n\n<p class=\"wp-block-paragraph\" id=\"block-c457d157-8302-41f0-be76-eda97afe7ee8\"><strong>Liestal<\/strong><\/p>\n\n\n\n<figure class=\"wp-block-table\"><table><tbody><tr><td>Do<\/td><td>24. Dezember<\/td><td>Heiligabend<\/td><td>bis 16.00 Uhr<\/td><\/tr><tr><td>Fr &#8211; So<\/td><td>25. &#8211; 27. Dezember<\/td><td>Weihnachten &amp; Stephanstag<\/td><td>geschlossen<\/td><\/tr><tr><td>Mo &#8211; Mi<\/td><td>28. &#8211; 30. Dezember<\/td><td><\/td><td>bis 18.30 Uhr<\/td><\/tr><tr><td>Do<\/td><td>31. Dezember<\/td><td>Sylvester<\/td><td>bis 16.00 Uhr<\/td><\/tr><tr><td>Fr<\/td><td>1. Januar<\/td><td>Neujahr<\/td><td>geschlossen<\/td><\/tr><tr><td><strong>Sa<\/strong><\/td><td><strong>2. Januar<\/strong><\/td><td><\/td><td><strong>bis 16.00 Uhr<\/strong><\/td><\/tr><\/tbody><\/table><\/figure>\n\n\n\n<p class=\"wp-block-paragraph\"><strong>Pratteln<\/strong><\/p>\n\n\n\n<figure class=\"wp-block-table\"><table><tbody><tr><td>Do<\/td><td>24. Dezember<\/td><td>Heiligabend<\/td><td>bis 13.00 Uhr<\/td><\/tr><tr><td>Fr &#8211; So<\/td><td>25. &#8211; 27. Dezember<\/td><td>Weihnachten &amp; Stephanstag<\/td><td>geschlossen<\/td><\/tr><tr><td><strong>Mo <\/strong>&#8211; Mi<\/td><td><strong>28.<\/strong> &#8211; 30. Dezember<\/td><td><\/td><td><strong>bis 15.00 Uhr<\/strong><\/td><\/tr><tr><td>Do<\/td><td>31. Dezember<\/td><td>Sylvester<\/td><td>bis 13.00 Uhr<\/td><\/tr><tr><td>Fr<\/td><td>1. Januar<\/td><td>Neujahr<\/td><td>geschlossen<\/td><\/tr><tr><td><strong>Sa<\/strong><\/td><td><strong>2. Januar<\/strong><\/td><td><\/td><td><strong>bis 13.00 Uhr<\/strong><\/td><\/tr><\/tbody><\/table><\/figure>\n\n\n\n<p class=\"wp-block-paragraph\" id=\"block-769fc6a5-672a-4702-82fc-2023cbb67487\">Wir w\u00fcnschen allen sch\u00f6ne Festtage und bleiben Sie gesund. <\/p>\n\n\n\n<p class=\"wp-block-paragraph\" id=\"block-63c82236-1ee6-4999-94da-6ff4da140d6a\">Weihnachtliche Gr\u00fcsse<br>Euer Finki-Team<\/p>\n\n\n\n<figure class=\"wp-block-image size-large is-style-rounded\"><a href=\"https:\/\/i0.wp.com\/beck-finkbeiner.ch\/wp-content\/uploads\/2020\/12\/2020-11-29_Liestal_Weihnachtslichter.jpg?ssl=1\"><img data-recalc-dims=\"1\" loading=\"lazy\" decoding=\"async\" width=\"790\" height=\"1024\" data-attachment-id=\"10884\" data-permalink=\"https:\/\/beck-finkbeiner.ch\/?attachment_id=10884\" data-orig-file=\"https:\/\/i0.wp.com\/beck-finkbeiner.ch\/wp-content\/uploads\/2020\/12\/2020-11-29_Liestal_Weihnachtslichter.jpg?fit=1542%2C2000&amp;ssl=1\" data-orig-size=\"1542,2000\" data-comments-opened=\"0\" data-image-meta=\"{&quot;aperture&quot;:&quot;0&quot;,&quot;credit&quot;:&quot;&quot;,&quot;camera&quot;:&quot;&quot;,&quot;caption&quot;:&quot;&quot;,&quot;created_timestamp&quot;:&quot;0&quot;,&quot;copyright&quot;:&quot;&quot;,&quot;focal_length&quot;:&quot;0&quot;,&quot;iso&quot;:&quot;0&quot;,&quot;shutter_speed&quot;:&quot;0&quot;,&quot;title&quot;:&quot;&quot;,&quot;orientation&quot;:&quot;0&quot;}\" data-image-title=\"2020-11-29_Liestal_Weihnachtslichter\" data-image-description=\"\" data-image-caption=\"\" data-large-file=\"https:\/\/i0.wp.com\/beck-finkbeiner.ch\/wp-content\/uploads\/2020\/12\/2020-11-29_Liestal_Weihnachtslichter.jpg?fit=790%2C1024&amp;ssl=1\" src=\"https:\/\/i0.wp.com\/beck-finkbeiner.ch\/wp-content\/uploads\/2020\/12\/2020-11-29_Liestal_Weihnachtslichter.jpg?resize=790%2C1024&#038;ssl=1\" alt=\"\" class=\"wp-image-10884\" srcset=\"https:\/\/i0.wp.com\/beck-finkbeiner.ch\/wp-content\/uploads\/2020\/12\/2020-11-29_Liestal_Weihnachtslichter.jpg?resize=790%2C1024&amp;ssl=1 790w, https:\/\/i0.wp.com\/beck-finkbeiner.ch\/wp-content\/uploads\/2020\/12\/2020-11-29_Liestal_Weihnachtslichter.jpg?resize=231%2C300&amp;ssl=1 231w, https:\/\/i0.wp.com\/beck-finkbeiner.ch\/wp-content\/uploads\/2020\/12\/2020-11-29_Liestal_Weihnachtslichter.jpg?resize=768%2C996&amp;ssl=1 768w, https:\/\/i0.wp.com\/beck-finkbeiner.ch\/wp-content\/uploads\/2020\/12\/2020-11-29_Liestal_Weihnachtslichter.jpg?resize=1184%2C1536&amp;ssl=1 1184w, https:\/\/i0.wp.com\/beck-finkbeiner.ch\/wp-content\/uploads\/2020\/12\/2020-11-29_Liestal_Weihnachtslichter.jpg?resize=300%2C389&amp;ssl=1 300w, https:\/\/i0.wp.com\/beck-finkbeiner.ch\/wp-content\/uploads\/2020\/12\/2020-11-29_Liestal_Weihnachtslichter.jpg?w=1542&amp;ssl=1 1542w\" sizes=\"auto, (max-width: 790px) 100vw, 790px\" \/><\/a><\/figure>\n","protected":false},"excerpt":{"rendered":"<p>Liebe Kunden Wir danken Ihnen herzlich f\u00fcr Ihre Treue, in diesem sehr speziellen Jahr und hoffen Sie auch weiterhin zu unsere Kunden z\u00e4hlen zu d\u00fcrfen.\u00dcber die Festtage, vom 24. Dezember 2020 bis 2. Januar 2021, haben wir folgende \u00d6ffnungszeiten:<\/p>\n","protected":false},"author":1,"featured_media":0,"comment_status":"closed","ping_status":"closed","sticky":false,"template":"","format":"standard","meta":{"_acf_changed":false,"_crdt_document":"","ngg_post_thumbnail":0,"jetpack_post_was_ever_published":false,"_jetpack_newsletter_access":"","_jetpack_dont_email_post_to_subs":false,"_jetpack_newsletter_tier_id":0,"_jetpack_memberships_contains_paywalled_content":false,"_jetpack_memberships_contains_paid_content":false,"footnotes":"","jetpack_publicize_message":"","jetpack_publicize_feature_enabled":true,"jetpack_social_post_already_shared":true,"jetpack_social_options":{"image_generator_settings":{"template":"highway","default_image_id":0,"font":"","enabled":false},"version":2}},"categories":[1],"tags":[],"class_list":["post-10880","post","type-post","status-publish","format-standard","hentry","category-allgemein"],"acf":[],"jetpack_publicize_connections":[],"jetpack_featured_media_url":"","jetpack_sharing_enabled":true,"jetpack_shortlink":"https:\/\/wp.me\/p7b9YP-2Pu","jetpack-related-posts":[{"id":11621,"url":"https:\/\/beck-finkbeiner.ch\/?p=11621","url_meta":{"origin":10880,"position":0},"title":"\u00d6ffnungszeiten \u00fcber die Feiertage","author":"Andi Finkbeiner","date":"22. Dezember 2021","format":false,"excerpt":"Liebe Kunden Wir danken Ihnen herzlich f\u00fcr Ihre Treue, in diesem sehr speziellen Jahr und hoffen Sie auch weiterhin zu unsere Kunden z\u00e4hlen zu d\u00fcrfen.\u00dcber die Festtage, vom 24. Dezember 2021 bis 2. Januar 2022, haben wir folgende \u00d6ffnungszeiten: Liestal Fr24. DezemberHeiligabendbis 16.00 UhrSa & So25. & 26. DezemberWeihnachten &\u2026","rel":"","context":"In &quot;Anl\u00e4sse&quot;","block_context":{"text":"Anl\u00e4sse","link":"https:\/\/beck-finkbeiner.ch\/?cat=6"},"img":{"alt_text":"","src":"https:\/\/i0.wp.com\/beck-finkbeiner.ch\/wp-content\/uploads\/2021\/12\/oeffnungszeiten-Festtage.png?fit=810%2C809&ssl=1&resize=350%2C200","width":350,"height":200,"srcset":"https:\/\/i0.wp.com\/beck-finkbeiner.ch\/wp-content\/uploads\/2021\/12\/oeffnungszeiten-Festtage.png?fit=810%2C809&ssl=1&resize=350%2C200 1x, https:\/\/i0.wp.com\/beck-finkbeiner.ch\/wp-content\/uploads\/2021\/12\/oeffnungszeiten-Festtage.png?fit=810%2C809&ssl=1&resize=525%2C300 1.5x, https:\/\/i0.wp.com\/beck-finkbeiner.ch\/wp-content\/uploads\/2021\/12\/oeffnungszeiten-Festtage.png?fit=810%2C809&ssl=1&resize=700%2C400 2x"},"classes":[]},{"id":12004,"url":"https:\/\/beck-finkbeiner.ch\/?p=12004","url_meta":{"origin":10880,"position":1},"title":"\u00d6ffnungszeiten \u00fcber die Feiertage","author":"Andi Finkbeiner","date":"9. Dezember 2022","format":false,"excerpt":"Liebe Kunden Wir danken Ihnen herzlich f\u00fcr Ihre Treue und hoffen Sie auch weiterhin zu unsere Kunden z\u00e4hlen zu d\u00fcrfen.\u00dcber die Festtage, vom 24. Dezember 2022 bis 2. Januar 2023, haben wir folgende \u00d6ffnungszeiten: Liestal Sa24. DezemberHeiligabendbis 16.00 UhrSo & Mo25. & 26. DezemberWeihnachten & StephanstaggeschlossenDi \u2013 Fr27. \u2013 30.\u2026","rel":"","context":"In &quot;Allgemein&quot;","block_context":{"text":"Allgemein","link":"https:\/\/beck-finkbeiner.ch\/?cat=1"},"img":{"alt_text":"","src":"https:\/\/i0.wp.com\/beck-finkbeiner.ch\/wp-content\/uploads\/2022\/12\/image.png?fit=810%2C809&ssl=1&resize=350%2C200","width":350,"height":200,"srcset":"https:\/\/i0.wp.com\/beck-finkbeiner.ch\/wp-content\/uploads\/2022\/12\/image.png?fit=810%2C809&ssl=1&resize=350%2C200 1x, https:\/\/i0.wp.com\/beck-finkbeiner.ch\/wp-content\/uploads\/2022\/12\/image.png?fit=810%2C809&ssl=1&resize=525%2C300 1.5x, https:\/\/i0.wp.com\/beck-finkbeiner.ch\/wp-content\/uploads\/2022\/12\/image.png?fit=810%2C809&ssl=1&resize=700%2C400 2x"},"classes":[]},{"id":12528,"url":"https:\/\/beck-finkbeiner.ch\/?p=12528","url_meta":{"origin":10880,"position":2},"title":"\u00d6ffnungszeiten \u00fcber die Feiertage","author":"Andi Finkbeiner","date":"19. Dezember 2023","format":false,"excerpt":"Liebe KundenWir danken Ihnen herzlich f\u00fcr Ihre Treue und hoffen Sie auch weiterhin zu unsere Kunden z\u00e4hlen zu d\u00fcrfen.\u00dcber die Festtage, vom 23. Dezember 2023 bis 2. Januar 2024, haben wir folgende \u00d6ffnungszeiten: Liestal Sa23. Dezemberbis 16.00 UhrSo 24. DezemberHeiligabendgeschlossenMo25. DezemberWeihnachten geschlossenDi26. DezemberStephanstaggeschlossenMi \u2013 Fr27. \u2013 29. Dezemberbis 18.30 UhrSa30.\u2026","rel":"","context":"In &quot;Anl\u00e4sse&quot;","block_context":{"text":"Anl\u00e4sse","link":"https:\/\/beck-finkbeiner.ch\/?cat=6"},"img":{"alt_text":"","src":"https:\/\/i0.wp.com\/beck-finkbeiner.ch\/wp-content\/uploads\/2022\/12\/image.png?fit=810%2C809&ssl=1&resize=350%2C200","width":350,"height":200,"srcset":"https:\/\/i0.wp.com\/beck-finkbeiner.ch\/wp-content\/uploads\/2022\/12\/image.png?fit=810%2C809&ssl=1&resize=350%2C200 1x, https:\/\/i0.wp.com\/beck-finkbeiner.ch\/wp-content\/uploads\/2022\/12\/image.png?fit=810%2C809&ssl=1&resize=525%2C300 1.5x, https:\/\/i0.wp.com\/beck-finkbeiner.ch\/wp-content\/uploads\/2022\/12\/image.png?fit=810%2C809&ssl=1&resize=700%2C400 2x"},"classes":[]},{"id":13672,"url":"https:\/\/beck-finkbeiner.ch\/?p=13672","url_meta":{"origin":10880,"position":3},"title":"\u00d6ffnungszeiten \u00fcber die Feiertage","author":"Andi Finkbeiner","date":"19. Dezember 2025","format":false,"excerpt":"Liebe KundenWir danken Ihnen herzlich f\u00fcr Ihre Treue und hoffen Sie auch weiterhin zu unsere Kunden z\u00e4hlen zu d\u00fcrfen.\u00dcber die Festtage, vom 24. Dezember 2025 bis 2. Januar 2026, haben wir folgende \u00d6ffnungszeiten: Liestal Mi24. DezemberHeiligabendbis 16.00 UhrDo25. DezemberWeihnachtengeschlossenFr26. DezemberStephanstaggeschlossenSa27. Dezemberbis 16.00 UhrSo28. DezembergeschlossenMo & Di29. & 30. Dezemberbis 18.30\u2026","rel":"","context":"In &quot;Allgemein&quot;","block_context":{"text":"Allgemein","link":"https:\/\/beck-finkbeiner.ch\/?cat=1"},"img":{"alt_text":"","src":"https:\/\/i0.wp.com\/beck-finkbeiner.ch\/wp-content\/uploads\/2022\/12\/image.png?fit=810%2C809&ssl=1&resize=350%2C200","width":350,"height":200,"srcset":"https:\/\/i0.wp.com\/beck-finkbeiner.ch\/wp-content\/uploads\/2022\/12\/image.png?fit=810%2C809&ssl=1&resize=350%2C200 1x, https:\/\/i0.wp.com\/beck-finkbeiner.ch\/wp-content\/uploads\/2022\/12\/image.png?fit=810%2C809&ssl=1&resize=525%2C300 1.5x, https:\/\/i0.wp.com\/beck-finkbeiner.ch\/wp-content\/uploads\/2022\/12\/image.png?fit=810%2C809&ssl=1&resize=700%2C400 2x"},"classes":[]},{"id":2710,"url":"https:\/\/beck-finkbeiner.ch\/?p=2710","url_meta":{"origin":10880,"position":4},"title":"Unsere \u00d6ffnungszeiten \u00fcber die Festtage","author":"Andi Finkbeiner","date":"13. Dezember 2017","format":false,"excerpt":"Unsere \u00d6ffnungszeiten \u00fcber die Festtage: Samstag \u00a0\u00a0\u00a0\u00a0\u00a0\u00a0\u00a0\u00a0\u00a0\u00a0\u00a0\u00a0\u00a0\u00a0\u00a0\u00a0\u00a0\u00a0 23.12. \u00a0\u00a0\u00a0\u00a0\u00a0\u00a0\u00a0\u00a0\u00a0\u00a0\u00a0\u00a0\u00a0\u00a0\u00a0\u00a0\u00a0\u00a0 6.00 \u2013 18.00 Uhr (Filiale Pratteln 13.00 Uhr) Dienstag \u00a0\u00a0\u00a0\u00a0\u00a0\u00a0\u00a0\u00a0\u00a0\u00a0\u00a0\u00a0\u00a0\u00a0\u00a0\u00a0\u00a0\u00a0 26.12.\u00a0\u00a0\u00a0\u00a0\u00a0\u00a0\u00a0\u00a0\u00a0\u00a0\u00a0\u00a0\u00a0\u00a0\u00a0\u00a0\u00a0\u00a0\u00a0 geschlossen Mittwoch \u2013 Freitag \u00a0\u00a0 27.12. - 29.12.\u00a0\u00a0\u00a0\u00a0\u00a0\u00a0 Normalbetrieb Samstag\u00a0\u00a0\u00a0\u00a0\u00a0\u00a0\u00a0\u00a0\u00a0\u00a0\u00a0\u00a0\u00a0\u00a0\u00a0\u00a0\u00a0\u00a0\u00a0 30.12. \u00a0\u00a0\u00a0\u00a0\u00a0\u00a0\u00a0\u00a0\u00a0\u00a0\u00a0\u00a0\u00a0\u00a0\u00a0\u00a0\u00a0\u00a0 6.00 \u2013 16.00 Uhr (Filiale Pratteln 13.00 Uhr) ab Dienstag \u00a0\u00a0\u00a0\u00a0\u00a0\u00a0\u00a0\u00a0\u00a0\u00a0\u00a0\u00a0\u00a0\u00a0\u00a0\u00a0\u00a0\u00a0 2. Januar \u00a0\u00a0\u00a0\u00a0\u00a0\u00a0\u00a0\u00a0\u00a0\u00a0\u00a0\u00a0\u00a0 offen Wir w\u00fcnschen Ihnen\u2026","rel":"","context":"In &quot;Allgemein&quot;","block_context":{"text":"Allgemein","link":"https:\/\/beck-finkbeiner.ch\/?cat=1"},"img":{"alt_text":"","src":"https:\/\/i0.wp.com\/beck-finkbeiner.ch\/wp-content\/uploads\/2017\/12\/2017-12-06-11.51.54.jpg?fit=1200%2C672&ssl=1&resize=350%2C200","width":350,"height":200,"srcset":"https:\/\/i0.wp.com\/beck-finkbeiner.ch\/wp-content\/uploads\/2017\/12\/2017-12-06-11.51.54.jpg?fit=1200%2C672&ssl=1&resize=350%2C200 1x, https:\/\/i0.wp.com\/beck-finkbeiner.ch\/wp-content\/uploads\/2017\/12\/2017-12-06-11.51.54.jpg?fit=1200%2C672&ssl=1&resize=525%2C300 1.5x, https:\/\/i0.wp.com\/beck-finkbeiner.ch\/wp-content\/uploads\/2017\/12\/2017-12-06-11.51.54.jpg?fit=1200%2C672&ssl=1&resize=700%2C400 2x, https:\/\/i0.wp.com\/beck-finkbeiner.ch\/wp-content\/uploads\/2017\/12\/2017-12-06-11.51.54.jpg?fit=1200%2C672&ssl=1&resize=1050%2C600 3x"},"classes":[]},{"id":3186,"url":"https:\/\/beck-finkbeiner.ch\/?p=3186","url_meta":{"origin":10880,"position":5},"title":"\u00d6ffnungzeiten \u00fcber die Festtage 2018 \/ 19","author":"Andi Finkbeiner","date":"9. Dezember 2018","format":false,"excerpt":"Unsere \u00d6ffnungszeiten \u00fcber die Festtage: Im neuen Jahr sind wir ab dem 2. Januar wieder f\u00fcr Sie da. Liestal Montag\u00a0 \u00a0 \u00a0 \u00a0 \u00a0 \u00a0 \u00a0 \u00a0 \u00a0 \u00a0 24.12.2018\u00a0 \u00a0 \u00a0 \u00a0 \u00a0 \u00a0 \u00a0 \u00a0 \u00a0 \u00a0 \u00a0 \u00a0 \u00a0\u00a0 6.00 \u2013 16.00 UhrDienstag\u00a0 \u00a0 \u00a0 \u00a0 \u00a0\u2026","rel":"","context":"In &quot;Allgemein&quot;","block_context":{"text":"Allgemein","link":"https:\/\/beck-finkbeiner.ch\/?cat=1"},"img":{"alt_text":"","src":"https:\/\/i0.wp.com\/beck-finkbeiner.ch\/wp-content\/uploads\/2017\/12\/2017-12-06-11.51.54.jpg?resize=350%2C200&ssl=1","width":350,"height":200,"srcset":"https:\/\/i0.wp.com\/beck-finkbeiner.ch\/wp-content\/uploads\/2017\/12\/2017-12-06-11.51.54.jpg?resize=350%2C200&ssl=1 1x, https:\/\/i0.wp.com\/beck-finkbeiner.ch\/wp-content\/uploads\/2017\/12\/2017-12-06-11.51.54.jpg?resize=525%2C300&ssl=1 1.5x, https:\/\/i0.wp.com\/beck-finkbeiner.ch\/wp-content\/uploads\/2017\/12\/2017-12-06-11.51.54.jpg?resize=700%2C400&ssl=1 2x, https:\/\/i0.wp.com\/beck-finkbeiner.ch\/wp-content\/uploads\/2017\/12\/2017-12-06-11.51.54.jpg?resize=1050%2C600&ssl=1 3x, https:\/\/i0.wp.com\/beck-finkbeiner.ch\/wp-content\/uploads\/2017\/12\/2017-12-06-11.51.54.jpg?resize=1400%2C800&ssl=1 4x"},"classes":[]}],"jetpack_likes_enabled":false,"_links":{"self":[{"href":"https:\/\/beck-finkbeiner.ch\/index.php?rest_route=\/wp\/v2\/posts\/10880","targetHints":{"allow":["GET"]}}],"collection":[{"href":"https:\/\/beck-finkbeiner.ch\/index.php?rest_route=\/wp\/v2\/posts"}],"about":[{"href":"https:\/\/beck-finkbeiner.ch\/index.php?rest_route=\/wp\/v2\/types\/post"}],"author":[{"embeddable":true,"href":"https:\/\/beck-finkbeiner.ch\/index.php?rest_route=\/wp\/v2\/users\/1"}],"replies":[{"embeddable":true,"href":"https:\/\/beck-finkbeiner.ch\/index.php?rest_route=%2Fwp%2Fv2%2Fcomments&post=10880"}],"version-history":[{"count":5,"href":"https:\/\/beck-finkbeiner.ch\/index.php?rest_route=\/wp\/v2\/posts\/10880\/revisions"}],"predecessor-version":[{"id":10887,"href":"https:\/\/beck-finkbeiner.ch\/index.php?rest_route=\/wp\/v2\/posts\/10880\/revisions\/10887"}],"wp:attachment":[{"href":"https:\/\/beck-finkbeiner.ch\/index.php?rest_route=%2Fwp%2Fv2%2Fmedia&parent=10880"}],"wp:term":[{"taxonomy":"category","embeddable":true,"href":"https:\/\/beck-finkbeiner.ch\/index.php?rest_route=%2Fwp%2Fv2%2Fcategories&post=10880"},{"taxonomy":"post_tag","embeddable":true,"href":"https:\/\/beck-finkbeiner.ch\/index.php?rest_route=%2Fwp%2Fv2%2Ftags&post=10880"}],"curies":[{"name":"wp","href":"https:\/\/api.w.org\/{rel}","templated":true}]}}