{"id":10777,"date":"2020-11-19T10:19:51","date_gmt":"2020-11-19T09:19:51","guid":{"rendered":"https:\/\/beck-finkbeiner.ch\/?p=10777"},"modified":"2020-11-19T10:19:51","modified_gmt":"2020-11-19T09:19:51","slug":"fonduezeit","status":"publish","type":"post","link":"https:\/\/beck-finkbeiner.ch\/?p=10777","title":{"rendered":"Fonduezeit"},"content":{"rendered":"\n<p class=\"wp-block-paragraph\">In der &#8222;Fonduezeit&#8220; haben wir wieder die feinen Fonduemischungen vom Milchh\u00fcsli Liestal im Angebot. <\/p>\n\n\n\n<figure class=\"wp-block-image size-large is-style-rounded\"><img data-recalc-dims=\"1\" loading=\"lazy\" decoding=\"async\" width=\"980\" height=\"980\" data-attachment-id=\"10778\" data-permalink=\"https:\/\/beck-finkbeiner.ch\/?attachment_id=10778\" data-orig-file=\"https:\/\/i0.wp.com\/beck-finkbeiner.ch\/wp-content\/uploads\/2020\/11\/Milchhuesli-Fondue.jpg?fit=1440%2C1440&amp;ssl=1\" data-orig-size=\"1440,1440\" data-comments-opened=\"0\" data-image-meta=\"{&quot;aperture&quot;:&quot;0&quot;,&quot;credit&quot;:&quot;&quot;,&quot;camera&quot;:&quot;&quot;,&quot;caption&quot;:&quot;&quot;,&quot;created_timestamp&quot;:&quot;0&quot;,&quot;copyright&quot;:&quot;&quot;,&quot;focal_length&quot;:&quot;0&quot;,&quot;iso&quot;:&quot;0&quot;,&quot;shutter_speed&quot;:&quot;0&quot;,&quot;title&quot;:&quot;&quot;,&quot;orientation&quot;:&quot;0&quot;}\" data-image-title=\"Milchhuesli-Fondue\" data-image-description=\"\" data-image-caption=\"\" data-large-file=\"https:\/\/i0.wp.com\/beck-finkbeiner.ch\/wp-content\/uploads\/2020\/11\/Milchhuesli-Fondue.jpg?fit=980%2C980&amp;ssl=1\" src=\"https:\/\/i0.wp.com\/beck-finkbeiner.ch\/wp-content\/uploads\/2020\/11\/Milchhuesli-Fondue.jpg?resize=980%2C980&#038;ssl=1\" alt=\"\" class=\"wp-image-10778\" srcset=\"https:\/\/i0.wp.com\/beck-finkbeiner.ch\/wp-content\/uploads\/2020\/11\/Milchhuesli-Fondue.jpg?resize=1024%2C1024&amp;ssl=1 1024w, https:\/\/i0.wp.com\/beck-finkbeiner.ch\/wp-content\/uploads\/2020\/11\/Milchhuesli-Fondue.jpg?resize=300%2C300&amp;ssl=1 300w, https:\/\/i0.wp.com\/beck-finkbeiner.ch\/wp-content\/uploads\/2020\/11\/Milchhuesli-Fondue.jpg?resize=150%2C150&amp;ssl=1 150w, https:\/\/i0.wp.com\/beck-finkbeiner.ch\/wp-content\/uploads\/2020\/11\/Milchhuesli-Fondue.jpg?resize=768%2C768&amp;ssl=1 768w, https:\/\/i0.wp.com\/beck-finkbeiner.ch\/wp-content\/uploads\/2020\/11\/Milchhuesli-Fondue.jpg?resize=100%2C100&amp;ssl=1 100w, https:\/\/i0.wp.com\/beck-finkbeiner.ch\/wp-content\/uploads\/2020\/11\/Milchhuesli-Fondue.jpg?w=1440&amp;ssl=1 1440w\" sizes=\"auto, (max-width: 980px) 100vw, 980px\" \/><\/figure>\n","protected":false},"excerpt":{"rendered":"<p>In der &#8222;Fonduezeit&#8220; haben wir wieder die feinen Fonduemischungen vom Milchh\u00fcsli Liestal im Angebot.<\/p>\n","protected":false},"author":1,"featured_media":10778,"comment_status":"closed","ping_status":"closed","sticky":false,"template":"","format":"standard","meta":{"_acf_changed":false,"_crdt_document":"","ngg_post_thumbnail":0,"jetpack_post_was_ever_published":false,"_jetpack_newsletter_access":"","_jetpack_dont_email_post_to_subs":false,"_jetpack_newsletter_tier_id":0,"_jetpack_memberships_contains_paywalled_content":false,"_jetpack_memberships_contains_paid_content":false,"footnotes":"","jetpack_publicize_message":"","jetpack_publicize_feature_enabled":true,"jetpack_social_post_already_shared":true,"jetpack_social_options":{"image_generator_settings":{"template":"highway","default_image_id":0,"font":"","enabled":false},"version":2}},"categories":[1],"tags":[],"class_list":["post-10777","post","type-post","status-publish","format-standard","has-post-thumbnail","hentry","category-allgemein"],"acf":[],"jetpack_publicize_connections":[],"jetpack_featured_media_url":"https:\/\/i0.wp.com\/beck-finkbeiner.ch\/wp-content\/uploads\/2020\/11\/Milchhuesli-Fondue.jpg?fit=1440%2C1440&ssl=1","jetpack_sharing_enabled":true,"jetpack_shortlink":"https:\/\/wp.me\/p7b9YP-2NP","jetpack-related-posts":[{"id":11558,"url":"https:\/\/beck-finkbeiner.ch\/?p=11558","url_meta":{"origin":10777,"position":0},"title":"Fondue","author":"Andi Finkbeiner","date":"10. November 2021","format":false,"excerpt":"Besonders in der kalten Jahreszeit sind die Fonduemischungen vom Milchh\u00fcsli Liestal besonders fein. Jetzt haben wir sie auch wieder bei uns im Angebot Ab sofort bei uns in Liestal und morgen auch in Pratteln.","rel":"","context":"In &quot;Aktion&quot;","block_context":{"text":"Aktion","link":"https:\/\/beck-finkbeiner.ch\/?cat=5"},"img":{"alt_text":"","src":"https:\/\/i0.wp.com\/beck-finkbeiner.ch\/wp-content\/uploads\/2021\/11\/Milchhuesli-Fondue-scaled.jpg?fit=1200%2C1200&ssl=1&resize=350%2C200","width":350,"height":200,"srcset":"https:\/\/i0.wp.com\/beck-finkbeiner.ch\/wp-content\/uploads\/2021\/11\/Milchhuesli-Fondue-scaled.jpg?fit=1200%2C1200&ssl=1&resize=350%2C200 1x, https:\/\/i0.wp.com\/beck-finkbeiner.ch\/wp-content\/uploads\/2021\/11\/Milchhuesli-Fondue-scaled.jpg?fit=1200%2C1200&ssl=1&resize=525%2C300 1.5x, https:\/\/i0.wp.com\/beck-finkbeiner.ch\/wp-content\/uploads\/2021\/11\/Milchhuesli-Fondue-scaled.jpg?fit=1200%2C1200&ssl=1&resize=700%2C400 2x, https:\/\/i0.wp.com\/beck-finkbeiner.ch\/wp-content\/uploads\/2021\/11\/Milchhuesli-Fondue-scaled.jpg?fit=1200%2C1200&ssl=1&resize=1050%2C600 3x"},"classes":[]},{"id":10465,"url":"https:\/\/beck-finkbeiner.ch\/?p=10465","url_meta":{"origin":10777,"position":1},"title":"Hamsterk\u00e4ufe","author":"Andi Finkbeiner","date":"20. M\u00e4rz 2020","format":false,"excerpt":"Liebe Kunden,bei der Berechnung unserer Produktionsmengen sind wir bestrebt, dass auch Kunden die am Abend vorbeikommen noch eine gewisse Auswahl an Brot, Br\u00f6tchen und S\u00fcssgeb\u00e4ck vorfinden. In den letzten Wochen haben wir starke Schwankungen bei der Nachfrage erfahren, die uns die Planung erschweren. Je nach Einschr\u00e4nkungen der Beh\u00f6rden und Nachrichtenlage\u2026","rel":"","context":"In &quot;Allgemein&quot;","block_context":{"text":"Allgemein","link":"https:\/\/beck-finkbeiner.ch\/?cat=1"},"img":{"alt_text":"","src":"","width":0,"height":0},"classes":[]},{"id":10598,"url":"https:\/\/beck-finkbeiner.ch\/?p=10598","url_meta":{"origin":10777,"position":2},"title":"\u00d6ffnungszeiten w\u00e4hrend den Schulsommerferien","author":"Andi Finkbeiner","date":"29. Juni 2020","format":false,"excerpt":"W\u00e4hrend den Schulsommerferien, vom 29. Juni - 8. August haben wir etwas verk\u00fcrzte \u00d6ffnungszeiten- in Liestal: Montag - Freitag bis 18.00 Uhr an Samstagen bis 15.00 Uhr- in Pratteln: Dienstag - Freitag bis 15.00 Uhr, Samstag bis 13.00 Uhr Wir w\u00fcnschen allen, dass Sie den Sommer trotz Corona geniessen k\u00f6nnen\u2026","rel":"","context":"In &quot;Allgemein&quot;","block_context":{"text":"Allgemein","link":"https:\/\/beck-finkbeiner.ch\/?cat=1"},"img":{"alt_text":"","src":"https:\/\/i0.wp.com\/beck-finkbeiner.ch\/wp-content\/uploads\/2020\/06\/%C3%96ffnugszeiten-Sommer.png?fit=800%2C800&ssl=1&resize=350%2C200","width":350,"height":200,"srcset":"https:\/\/i0.wp.com\/beck-finkbeiner.ch\/wp-content\/uploads\/2020\/06\/%C3%96ffnugszeiten-Sommer.png?fit=800%2C800&ssl=1&resize=350%2C200 1x, https:\/\/i0.wp.com\/beck-finkbeiner.ch\/wp-content\/uploads\/2020\/06\/%C3%96ffnugszeiten-Sommer.png?fit=800%2C800&ssl=1&resize=525%2C300 1.5x, https:\/\/i0.wp.com\/beck-finkbeiner.ch\/wp-content\/uploads\/2020\/06\/%C3%96ffnugszeiten-Sommer.png?fit=800%2C800&ssl=1&resize=700%2C400 2x"},"classes":[]},{"id":11449,"url":"https:\/\/beck-finkbeiner.ch\/?p=11449","url_meta":{"origin":10777,"position":3},"title":"1. August","author":"Andi Finkbeiner","date":"29. Juli 2021","format":false,"excerpt":"Jetzt haben wir wieder unsere feinen 1. Augustweggli im Angebot.","rel":"","context":"In &quot;Anl\u00e4sse&quot;","block_context":{"text":"Anl\u00e4sse","link":"https:\/\/beck-finkbeiner.ch\/?cat=6"},"img":{"alt_text":"","src":"https:\/\/i0.wp.com\/beck-finkbeiner.ch\/wp-content\/uploads\/2020\/07\/292-1.Augustweggli-klein-2.jpg?fit=768%2C960&ssl=1&resize=350%2C200","width":350,"height":200,"srcset":"https:\/\/i0.wp.com\/beck-finkbeiner.ch\/wp-content\/uploads\/2020\/07\/292-1.Augustweggli-klein-2.jpg?fit=768%2C960&ssl=1&resize=350%2C200 1x, https:\/\/i0.wp.com\/beck-finkbeiner.ch\/wp-content\/uploads\/2020\/07\/292-1.Augustweggli-klein-2.jpg?fit=768%2C960&ssl=1&resize=525%2C300 1.5x, https:\/\/i0.wp.com\/beck-finkbeiner.ch\/wp-content\/uploads\/2020\/07\/292-1.Augustweggli-klein-2.jpg?fit=768%2C960&ssl=1&resize=700%2C400 2x"},"classes":[]},{"id":3062,"url":"https:\/\/beck-finkbeiner.ch\/?p=3062","url_meta":{"origin":10777,"position":4},"title":"Unser Lieferservice","author":"Andi Finkbeiner","date":"14. Juni 2018","format":false,"excerpt":"Kennen Sie schon unseren Shop? Ab Fr. 20.- liefern wir Ihnen unsere Brotwaren und neu auch Milchprodukte und Eier nach Hause. Die Milchprodukte und Eier beziehen wir vom Milchh\u00fcsli Liestal.","rel":"","context":"In &quot;Allgemein&quot;","block_context":{"text":"Allgemein","link":"https:\/\/beck-finkbeiner.ch\/?cat=1"},"img":{"alt_text":"","src":"https:\/\/i0.wp.com\/beck-finkbeiner.ch\/wp-content\/uploads\/2018\/06\/Flyer-Lieferservice-300x212.jpg?resize=350%2C200&ssl=1","width":350,"height":200},"classes":[]},{"id":11362,"url":"https:\/\/beck-finkbeiner.ch\/?p=11362","url_meta":{"origin":10777,"position":5},"title":"\u00d6ffnung des Innenbereichs im Caf\u00e9","author":"Andi Finkbeiner","date":"28. Mai 2021","format":false,"excerpt":"Ab dem 1. Juni d\u00fcrfen wir Gem\u00e4ss dem BAG wieder unseren Innenbereich im Cafe \u00f6ffnen. Aus diesem Grund werden wir die \u00d6ffnungszeiten in Pratteln wieder von 15.00 auf 18.00 Uhr (Di - Fr) ausdehnen. Am Samstag haben wir wie gewohnt bis 13.00 Uhr ge\u00f6ffnet. In Liestal sind wir von Mo\u2026","rel":"","context":"In &quot;Allgemein&quot;","block_context":{"text":"Allgemein","link":"https:\/\/beck-finkbeiner.ch\/?cat=1"},"img":{"alt_text":"","src":"https:\/\/i0.wp.com\/beck-finkbeiner.ch\/wp-content\/uploads\/2021\/05\/img-20210528-wa00166558699131510061146.jpg?resize=350%2C200&ssl=1","width":350,"height":200,"srcset":"https:\/\/i0.wp.com\/beck-finkbeiner.ch\/wp-content\/uploads\/2021\/05\/img-20210528-wa00166558699131510061146.jpg?resize=350%2C200&ssl=1 1x, https:\/\/i0.wp.com\/beck-finkbeiner.ch\/wp-content\/uploads\/2021\/05\/img-20210528-wa00166558699131510061146.jpg?resize=525%2C300&ssl=1 1.5x, https:\/\/i0.wp.com\/beck-finkbeiner.ch\/wp-content\/uploads\/2021\/05\/img-20210528-wa00166558699131510061146.jpg?resize=700%2C400&ssl=1 2x, https:\/\/i0.wp.com\/beck-finkbeiner.ch\/wp-content\/uploads\/2021\/05\/img-20210528-wa00166558699131510061146.jpg?resize=1050%2C600&ssl=1 3x, https:\/\/i0.wp.com\/beck-finkbeiner.ch\/wp-content\/uploads\/2021\/05\/img-20210528-wa00166558699131510061146.jpg?resize=1400%2C800&ssl=1 4x"},"classes":[]}],"jetpack_likes_enabled":false,"_links":{"self":[{"href":"https:\/\/beck-finkbeiner.ch\/index.php?rest_route=\/wp\/v2\/posts\/10777","targetHints":{"allow":["GET"]}}],"collection":[{"href":"https:\/\/beck-finkbeiner.ch\/index.php?rest_route=\/wp\/v2\/posts"}],"about":[{"href":"https:\/\/beck-finkbeiner.ch\/index.php?rest_route=\/wp\/v2\/types\/post"}],"author":[{"embeddable":true,"href":"https:\/\/beck-finkbeiner.ch\/index.php?rest_route=\/wp\/v2\/users\/1"}],"replies":[{"embeddable":true,"href":"https:\/\/beck-finkbeiner.ch\/index.php?rest_route=%2Fwp%2Fv2%2Fcomments&post=10777"}],"version-history":[{"count":1,"href":"https:\/\/beck-finkbeiner.ch\/index.php?rest_route=\/wp\/v2\/posts\/10777\/revisions"}],"predecessor-version":[{"id":10779,"href":"https:\/\/beck-finkbeiner.ch\/index.php?rest_route=\/wp\/v2\/posts\/10777\/revisions\/10779"}],"wp:featuredmedia":[{"embeddable":true,"href":"https:\/\/beck-finkbeiner.ch\/index.php?rest_route=\/wp\/v2\/media\/10778"}],"wp:attachment":[{"href":"https:\/\/beck-finkbeiner.ch\/index.php?rest_route=%2Fwp%2Fv2%2Fmedia&parent=10777"}],"wp:term":[{"taxonomy":"category","embeddable":true,"href":"https:\/\/beck-finkbeiner.ch\/index.php?rest_route=%2Fwp%2Fv2%2Fcategories&post=10777"},{"taxonomy":"post_tag","embeddable":true,"href":"https:\/\/beck-finkbeiner.ch\/index.php?rest_route=%2Fwp%2Fv2%2Ftags&post=10777"}],"curies":[{"name":"wp","href":"https:\/\/api.w.org\/{rel}","templated":true}]}}