{"id":10752,"date":"2020-11-11T12:07:42","date_gmt":"2020-11-11T11:07:42","guid":{"rendered":"https:\/\/beck-finkbeiner.ch\/?p=10752"},"modified":"2020-11-11T12:07:42","modified_gmt":"2020-11-11T11:07:42","slug":"graettimanne","status":"publish","type":"post","link":"https:\/\/beck-finkbeiner.ch\/?p=10752","title":{"rendered":"Gr\u00e4ttimanne"},"content":{"rendered":"\n<p class=\"has-text-align-center wp-block-paragraph\">Es git wieder Gr\u00e4ttimanne mit Zucker oder mit Schoggist\u00fcckli \ud83d\ude42<\/p>\n\n\n\n<figure class=\"wp-block-image size-large is-resized is-style-rounded\"><img data-recalc-dims=\"1\" loading=\"lazy\" decoding=\"async\" data-attachment-id=\"10754\" data-permalink=\"https:\/\/beck-finkbeiner.ch\/?attachment_id=10754\" data-orig-file=\"https:\/\/i0.wp.com\/beck-finkbeiner.ch\/wp-content\/uploads\/2020\/11\/Graettimanne-e1636130575704.jpg?fit=1439%2C1360&amp;ssl=1\" data-orig-size=\"1439,1360\" data-comments-opened=\"0\" data-image-meta=\"{&quot;aperture&quot;:&quot;0&quot;,&quot;credit&quot;:&quot;&quot;,&quot;camera&quot;:&quot;&quot;,&quot;caption&quot;:&quot;&quot;,&quot;created_timestamp&quot;:&quot;0&quot;,&quot;copyright&quot;:&quot;&quot;,&quot;focal_length&quot;:&quot;0&quot;,&quot;iso&quot;:&quot;0&quot;,&quot;shutter_speed&quot;:&quot;0&quot;,&quot;title&quot;:&quot;&quot;,&quot;orientation&quot;:&quot;0&quot;}\" data-image-title=\"Graettimanne\" data-image-description=\"\" data-image-caption=\"\" data-large-file=\"https:\/\/i0.wp.com\/beck-finkbeiner.ch\/wp-content\/uploads\/2020\/11\/Graettimanne-e1636130575704.jpg?fit=980%2C926&amp;ssl=1\" src=\"https:\/\/i0.wp.com\/beck-finkbeiner.ch\/wp-content\/uploads\/2020\/11\/Graettimanne.jpg?resize=612%2C612&#038;ssl=1\" alt=\"\" class=\"wp-image-10754\" width=\"612\" height=\"612\"\/><\/figure>\n","protected":false},"excerpt":{"rendered":"<p>Es git wieder Gr\u00e4ttimanne mit Zucker oder mit Schoggist\u00fcckli \ud83d\ude42<\/p>\n","protected":false},"author":1,"featured_media":0,"comment_status":"closed","ping_status":"closed","sticky":false,"template":"","format":"standard","meta":{"_acf_changed":false,"_crdt_document":"","ngg_post_thumbnail":0,"jetpack_post_was_ever_published":false,"_jetpack_newsletter_access":"","_jetpack_dont_email_post_to_subs":false,"_jetpack_newsletter_tier_id":0,"_jetpack_memberships_contains_paywalled_content":false,"_jetpack_memberships_contains_paid_content":false,"footnotes":"","jetpack_publicize_message":"","jetpack_publicize_feature_enabled":true,"jetpack_social_post_already_shared":true,"jetpack_social_options":{"image_generator_settings":{"template":"highway","default_image_id":0,"font":"","enabled":false},"version":2}},"categories":[1],"tags":[],"class_list":["post-10752","post","type-post","status-publish","format-standard","hentry","category-allgemein"],"acf":[],"jetpack_publicize_connections":[],"jetpack_featured_media_url":"","jetpack_sharing_enabled":true,"jetpack_shortlink":"https:\/\/wp.me\/p7b9YP-2Nq","jetpack-related-posts":[{"id":308,"url":"https:\/\/beck-finkbeiner.ch\/?p=308","url_meta":{"origin":10752,"position":0},"title":"Dreik\u00f6nigstag","author":"Andi Finkbeiner","date":"3. Januar 2014","format":false,"excerpt":"Auch dieses Jahr backen wir wieder Dreik\u00f6nigskuchen f\u00fcr Sie: klein 6 Teile mittel 8 Teile gross 10 Teile Traditionell mit Zucker und Mandeln, mit Speck oder mit Schoggist\u00fcckli. Weitere Gr\u00f6ssen auf Anfrage Am Montag den 6. Januar, haben wir auch unsere Filiale in Pratteln ge\u00f6ffnet. \u00a0","rel":"","context":"In &quot;Allgemein&quot;","block_context":{"text":"Allgemein","link":"https:\/\/beck-finkbeiner.ch\/?cat=1"},"img":{"alt_text":"","src":"","width":0,"height":0},"classes":[]},{"id":10711,"url":"https:\/\/beck-finkbeiner.ch\/?p=10711","url_meta":{"origin":10752,"position":1},"title":"Jetzt gibt es wieder Berliner und Magenbrot!","author":"Andi Finkbeiner","date":"30. September 2020","format":false,"excerpt":"Berliner und Magenbrot","rel":"","context":"In &quot;Allgemein&quot;","block_context":{"text":"Allgemein","link":"https:\/\/beck-finkbeiner.ch\/?cat=1"},"img":{"alt_text":"","src":"https:\/\/i0.wp.com\/beck-finkbeiner.ch\/wp-content\/uploads\/2020\/09\/Berliner-scaled.jpg?fit=1200%2C802&ssl=1&resize=350%2C200","width":350,"height":200,"srcset":"https:\/\/i0.wp.com\/beck-finkbeiner.ch\/wp-content\/uploads\/2020\/09\/Berliner-scaled.jpg?fit=1200%2C802&ssl=1&resize=350%2C200 1x, https:\/\/i0.wp.com\/beck-finkbeiner.ch\/wp-content\/uploads\/2020\/09\/Berliner-scaled.jpg?fit=1200%2C802&ssl=1&resize=525%2C300 1.5x, https:\/\/i0.wp.com\/beck-finkbeiner.ch\/wp-content\/uploads\/2020\/09\/Berliner-scaled.jpg?fit=1200%2C802&ssl=1&resize=700%2C400 2x, https:\/\/i0.wp.com\/beck-finkbeiner.ch\/wp-content\/uploads\/2020\/09\/Berliner-scaled.jpg?fit=1200%2C802&ssl=1&resize=1050%2C600 3x"},"classes":[]},{"id":1070,"url":"https:\/\/beck-finkbeiner.ch\/?p=1070","url_meta":{"origin":10752,"position":2},"title":"Wieder bei uns&#8230;","author":"Andi Finkbeiner","date":"1. Oktober 2014","format":false,"excerpt":"ab heute haben wir wieder Berliner, mit Konfi oder mit Vanillecreme. Ausserdem haben wir wieder Suppe und Vermicelles.","rel":"","context":"In &quot;Allgemein&quot;","block_context":{"text":"Allgemein","link":"https:\/\/beck-finkbeiner.ch\/?cat=1"},"img":{"alt_text":"2452_Berliner","src":"https:\/\/i0.wp.com\/beck-finkbeiner.ch\/wp-content\/uploads\/2014\/10\/2452_Berliner-300x154.png?resize=350%2C200","width":350,"height":200},"classes":[]},{"id":8287,"url":"https:\/\/beck-finkbeiner.ch\/?p=8287","url_meta":{"origin":10752,"position":3},"title":"K\u00f6nigskuchen &#038; Fastenwaien","author":"Andi Finkbeiner","date":"3. Januar 2020","format":false,"excerpt":"Im neuen Jahr haben wir wieder Fastenwaien und auch die K\u00f6nigskuchenproduktion haben wir gestartet.","rel":"","context":"In &quot;Anl\u00e4sse&quot;","block_context":{"text":"Anl\u00e4sse","link":"https:\/\/beck-finkbeiner.ch\/?cat=6"},"img":{"alt_text":"","src":"https:\/\/i0.wp.com\/beck-finkbeiner.ch\/wp-content\/uploads\/2017\/01\/302_K%C3%B6nigkuchen_6erKrone.jpg?fit=1200%2C1200&ssl=1&resize=350%2C200","width":350,"height":200,"srcset":"https:\/\/i0.wp.com\/beck-finkbeiner.ch\/wp-content\/uploads\/2017\/01\/302_K%C3%B6nigkuchen_6erKrone.jpg?fit=1200%2C1200&ssl=1&resize=350%2C200 1x, https:\/\/i0.wp.com\/beck-finkbeiner.ch\/wp-content\/uploads\/2017\/01\/302_K%C3%B6nigkuchen_6erKrone.jpg?fit=1200%2C1200&ssl=1&resize=525%2C300 1.5x, https:\/\/i0.wp.com\/beck-finkbeiner.ch\/wp-content\/uploads\/2017\/01\/302_K%C3%B6nigkuchen_6erKrone.jpg?fit=1200%2C1200&ssl=1&resize=700%2C400 2x, https:\/\/i0.wp.com\/beck-finkbeiner.ch\/wp-content\/uploads\/2017\/01\/302_K%C3%B6nigkuchen_6erKrone.jpg?fit=1200%2C1200&ssl=1&resize=1050%2C600 3x"},"classes":[]},{"id":310,"url":"https:\/\/beck-finkbeiner.ch\/?p=310","url_meta":{"origin":10752,"position":4},"title":"Fastenwaien","author":"Andi Finkbeiner","date":"3. Januar 2014","format":false,"excerpt":"Ab heute haben wir wieder unsere feinen Fastenwaien im Sortiment, mit K\u00fcmmel oder auch mit Salz.","rel":"","context":"In &quot;Allgemein&quot;","block_context":{"text":"Allgemein","link":"https:\/\/beck-finkbeiner.ch\/?cat=1"},"img":{"alt_text":"","src":"","width":0,"height":0},"classes":[]},{"id":2727,"url":"https:\/\/beck-finkbeiner.ch\/?p=2727","url_meta":{"origin":10752,"position":5},"title":"K\u00f6nigskuchen","author":"Andi Finkbeiner","date":"3. Januar 2018","format":false,"excerpt":"In\u00a0ein paar Tagen ist der 3-K\u00f6nigstag. Bei uns bekommen Sie die feinen K\u00f6nigskuchen gleich in 3 verschiedenen Varianten: Traditionell, mit Speck oder mit feinen Schoggist\u00fcckli. Wer im Kuchen einen goldenen K\u00f6nig findet, kann tolle Preise im Gesamtwert von rund CHF 6\u2018500.00 gewinnen. Zus\u00e4tzlich haben wir f\u00fcr Sie unsere Preise nach\u2026","rel":"","context":"In &quot;Aktion&quot;","block_context":{"text":"Aktion","link":"https:\/\/beck-finkbeiner.ch\/?cat=5"},"img":{"alt_text":"","src":"https:\/\/i0.wp.com\/beck-finkbeiner.ch\/wp-content\/uploads\/2017\/01\/302_K%C3%B6nigkuchen_6erKrone.jpg?fit=1200%2C1200&ssl=1&resize=350%2C200","width":350,"height":200,"srcset":"https:\/\/i0.wp.com\/beck-finkbeiner.ch\/wp-content\/uploads\/2017\/01\/302_K%C3%B6nigkuchen_6erKrone.jpg?fit=1200%2C1200&ssl=1&resize=350%2C200 1x, https:\/\/i0.wp.com\/beck-finkbeiner.ch\/wp-content\/uploads\/2017\/01\/302_K%C3%B6nigkuchen_6erKrone.jpg?fit=1200%2C1200&ssl=1&resize=525%2C300 1.5x, https:\/\/i0.wp.com\/beck-finkbeiner.ch\/wp-content\/uploads\/2017\/01\/302_K%C3%B6nigkuchen_6erKrone.jpg?fit=1200%2C1200&ssl=1&resize=700%2C400 2x, https:\/\/i0.wp.com\/beck-finkbeiner.ch\/wp-content\/uploads\/2017\/01\/302_K%C3%B6nigkuchen_6erKrone.jpg?fit=1200%2C1200&ssl=1&resize=1050%2C600 3x"},"classes":[]}],"jetpack_likes_enabled":false,"_links":{"self":[{"href":"https:\/\/beck-finkbeiner.ch\/index.php?rest_route=\/wp\/v2\/posts\/10752","targetHints":{"allow":["GET"]}}],"collection":[{"href":"https:\/\/beck-finkbeiner.ch\/index.php?rest_route=\/wp\/v2\/posts"}],"about":[{"href":"https:\/\/beck-finkbeiner.ch\/index.php?rest_route=\/wp\/v2\/types\/post"}],"author":[{"embeddable":true,"href":"https:\/\/beck-finkbeiner.ch\/index.php?rest_route=\/wp\/v2\/users\/1"}],"replies":[{"embeddable":true,"href":"https:\/\/beck-finkbeiner.ch\/index.php?rest_route=%2Fwp%2Fv2%2Fcomments&post=10752"}],"version-history":[{"count":1,"href":"https:\/\/beck-finkbeiner.ch\/index.php?rest_route=\/wp\/v2\/posts\/10752\/revisions"}],"predecessor-version":[{"id":10755,"href":"https:\/\/beck-finkbeiner.ch\/index.php?rest_route=\/wp\/v2\/posts\/10752\/revisions\/10755"}],"wp:attachment":[{"href":"https:\/\/beck-finkbeiner.ch\/index.php?rest_route=%2Fwp%2Fv2%2Fmedia&parent=10752"}],"wp:term":[{"taxonomy":"category","embeddable":true,"href":"https:\/\/beck-finkbeiner.ch\/index.php?rest_route=%2Fwp%2Fv2%2Fcategories&post=10752"},{"taxonomy":"post_tag","embeddable":true,"href":"https:\/\/beck-finkbeiner.ch\/index.php?rest_route=%2Fwp%2Fv2%2Ftags&post=10752"}],"curies":[{"name":"wp","href":"https:\/\/api.w.org\/{rel}","templated":true}]}}