{"id":10474,"date":"2020-03-25T14:38:00","date_gmt":"2020-03-25T13:38:00","guid":{"rendered":"https:\/\/beck-finkbeiner.ch\/?p=10474"},"modified":"2020-03-25T14:38:00","modified_gmt":"2020-03-25T13:38:00","slug":"oeffnungszeiten-im-laden-liestal","status":"publish","type":"post","link":"https:\/\/beck-finkbeiner.ch\/?p=10474","title":{"rendered":"\u00d6ffnungszeiten im Laden Liestal"},"content":{"rendered":"\n<p class=\"wp-block-paragraph\">Aufgrund der aktuellen Lage haben wir unsere Laden\u00f6ffnungszeiten in Liestal angepasst.  <br>Besten Dank f\u00fcr Euer Verst\u00e4ndnis<\/p>\n\n\n\n<figure class=\"wp-block-image size-large\"><img loading=\"lazy\" decoding=\"async\" width=\"1080\" height=\"1080\" data-attachment-id=\"10475\" data-permalink=\"https:\/\/beck-finkbeiner.ch\/?attachment_id=10475\" data-orig-file=\"https:\/\/i0.wp.com\/beck-finkbeiner.ch\/wp-content\/uploads\/2020\/03\/90666755_874740869613867_544982019239986531_n1.jpg?fit=1080%2C1080&amp;ssl=1\" data-orig-size=\"1080,1080\" data-comments-opened=\"0\" data-image-meta=\"{&quot;aperture&quot;:&quot;0&quot;,&quot;credit&quot;:&quot;&quot;,&quot;camera&quot;:&quot;&quot;,&quot;caption&quot;:&quot;&quot;,&quot;created_timestamp&quot;:&quot;0&quot;,&quot;copyright&quot;:&quot;&quot;,&quot;focal_length&quot;:&quot;0&quot;,&quot;iso&quot;:&quot;0&quot;,&quot;shutter_speed&quot;:&quot;0&quot;,&quot;title&quot;:&quot;&quot;,&quot;orientation&quot;:&quot;0&quot;}\" data-image-title=\"90666755_874740869613867_544982019239986531_n1\" data-image-description=\"\" data-image-caption=\"\" data-large-file=\"https:\/\/i0.wp.com\/beck-finkbeiner.ch\/wp-content\/uploads\/2020\/03\/90666755_874740869613867_544982019239986531_n1.jpg?fit=980%2C980&amp;ssl=1\" src=\"https:\/\/i1.wp.com\/beck-finkbeiner.ch\/wp-content\/uploads\/2020\/03\/90666755_874740869613867_544982019239986531_n1.jpg?fit=584%2C584&amp;ssl=1\" alt=\"\" class=\"wp-image-10475\" srcset=\"https:\/\/i0.wp.com\/beck-finkbeiner.ch\/wp-content\/uploads\/2020\/03\/90666755_874740869613867_544982019239986531_n1.jpg?w=1080&amp;ssl=1 1080w, https:\/\/i0.wp.com\/beck-finkbeiner.ch\/wp-content\/uploads\/2020\/03\/90666755_874740869613867_544982019239986531_n1.jpg?resize=300%2C300&amp;ssl=1 300w, https:\/\/i0.wp.com\/beck-finkbeiner.ch\/wp-content\/uploads\/2020\/03\/90666755_874740869613867_544982019239986531_n1.jpg?resize=1024%2C1024&amp;ssl=1 1024w, https:\/\/i0.wp.com\/beck-finkbeiner.ch\/wp-content\/uploads\/2020\/03\/90666755_874740869613867_544982019239986531_n1.jpg?resize=150%2C150&amp;ssl=1 150w, https:\/\/i0.wp.com\/beck-finkbeiner.ch\/wp-content\/uploads\/2020\/03\/90666755_874740869613867_544982019239986531_n1.jpg?resize=768%2C768&amp;ssl=1 768w, https:\/\/i0.wp.com\/beck-finkbeiner.ch\/wp-content\/uploads\/2020\/03\/90666755_874740869613867_544982019239986531_n1.jpg?resize=100%2C100&amp;ssl=1 100w\" sizes=\"auto, (max-width: 980px) 100vw, 980px\" \/><\/figure>\n","protected":false},"excerpt":{"rendered":"<p>Aufgrund der aktuellen Lage haben wir unsere Laden\u00f6ffnungszeiten in Liestal angepasst. Besten Dank f\u00fcr Euer Verst\u00e4ndnis<\/p>\n","protected":false},"author":1,"featured_media":10475,"comment_status":"closed","ping_status":"closed","sticky":false,"template":"","format":"standard","meta":{"_acf_changed":false,"_crdt_document":"","ngg_post_thumbnail":0,"jetpack_post_was_ever_published":false,"_jetpack_newsletter_access":"","_jetpack_dont_email_post_to_subs":false,"_jetpack_newsletter_tier_id":0,"_jetpack_memberships_contains_paywalled_content":false,"_jetpack_memberships_contains_paid_content":false,"footnotes":"","jetpack_publicize_message":"","jetpack_publicize_feature_enabled":true,"jetpack_social_post_already_shared":true,"jetpack_social_options":{"image_generator_settings":{"template":"highway","default_image_id":0,"font":"","enabled":false},"version":2}},"categories":[1],"tags":[],"class_list":["post-10474","post","type-post","status-publish","format-standard","has-post-thumbnail","hentry","category-allgemein"],"acf":[],"jetpack_publicize_connections":[],"jetpack_featured_media_url":"https:\/\/i0.wp.com\/beck-finkbeiner.ch\/wp-content\/uploads\/2020\/03\/90666755_874740869613867_544982019239986531_n1.jpg?fit=1080%2C1080&ssl=1","jetpack_sharing_enabled":true,"jetpack_shortlink":"https:\/\/wp.me\/p7b9YP-2IW","jetpack-related-posts":[{"id":214,"url":"https:\/\/beck-finkbeiner.ch\/?p=214","url_meta":{"origin":10474,"position":0},"title":"Berufsschau 2013 Liestal","author":"Andi Finkbeiner","date":"2. November 2013","format":false,"excerpt":"Wir gratulieren unserem Lehrling Roman B\u00e4r zum 1. Preis beim Dekorwettbewerb an der Berunfsschau in Liestal die vom 23. - 27. Oktober 2013 in Liestal stattfand. berufsschau.org \u00a0","rel":"","context":"In &quot;Anl\u00e4sse&quot;","block_context":{"text":"Anl\u00e4sse","link":"https:\/\/beck-finkbeiner.ch\/?cat=6"},"img":{"alt_text":"Schaust\u00fcck Roman","src":"https:\/\/i0.wp.com\/beck-finkbeiner.ch\/wp-content\/uploads\/2013\/10\/IMG_4045-300x200.jpg?resize=350%2C200","width":350,"height":200},"classes":[]},{"id":270,"url":"https:\/\/beck-finkbeiner.ch\/?p=270","url_meta":{"origin":10474,"position":1},"title":"Weihnachtsmarkt in Liestal","author":"Andi Finkbeiner","date":"12. Dezember 2013","format":false,"excerpt":"Besuchen Sie uns am Weihnachtsmarkt in Liestal, vom Freitag 13. bis Sonntag 15. Dezember.","rel":"","context":"In &quot;Anl\u00e4sse&quot;","block_context":{"text":"Anl\u00e4sse","link":"https:\/\/beck-finkbeiner.ch\/?cat=6"},"img":{"alt_text":"Liestal_Schaufenster_Dez","src":"https:\/\/i0.wp.com\/beck-finkbeiner.ch\/wp-content\/uploads\/2013\/12\/IMAG0460-300x169.jpg?resize=350%2C200","width":350,"height":200},"classes":[]},{"id":3192,"url":"https:\/\/beck-finkbeiner.ch\/?p=3192","url_meta":{"origin":10474,"position":2},"title":"Weihnachtsmarkt in Liestal","author":"Andi Finkbeiner","date":"5. Dezember 2018","format":false,"excerpt":"Feines Weihnachtskonfekt, Pralinen und frisches Burebrot aus dem Holzofen. Besuchen Sie uns am Weihnachtmarkt in Liestal.","rel":"","context":"In &quot;Allgemein&quot;","block_context":{"text":"Allgemein","link":"https:\/\/beck-finkbeiner.ch\/?cat=1"},"img":{"alt_text":"","src":"https:\/\/i0.wp.com\/beck-finkbeiner.ch\/wp-content\/uploads\/2018\/12\/imag0984214120772.jpg?resize=350%2C200&ssl=1","width":350,"height":200,"srcset":"https:\/\/i0.wp.com\/beck-finkbeiner.ch\/wp-content\/uploads\/2018\/12\/imag0984214120772.jpg?resize=350%2C200&ssl=1 1x, https:\/\/i0.wp.com\/beck-finkbeiner.ch\/wp-content\/uploads\/2018\/12\/imag0984214120772.jpg?resize=525%2C300&ssl=1 1.5x, https:\/\/i0.wp.com\/beck-finkbeiner.ch\/wp-content\/uploads\/2018\/12\/imag0984214120772.jpg?resize=700%2C400&ssl=1 2x, https:\/\/i0.wp.com\/beck-finkbeiner.ch\/wp-content\/uploads\/2018\/12\/imag0984214120772.jpg?resize=1050%2C600&ssl=1 3x, https:\/\/i0.wp.com\/beck-finkbeiner.ch\/wp-content\/uploads\/2018\/12\/imag0984214120772.jpg?resize=1400%2C800&ssl=1 4x"},"classes":[]},{"id":11319,"url":"https:\/\/beck-finkbeiner.ch\/?p=11319","url_meta":{"origin":10474,"position":3},"title":"Fr\u00fchlinsmarkt in Liestal","author":"Andi Finkbeiner","date":"28. April 2021","format":false,"excerpt":"Heute am Fr\u00fchlingsmarkt in Liestal mit Sandwichs am Meter, verschiedenen Bierbrezlen, frischen Erdbeerschnitten und unserem hausgemachtem Magenbrot. \ud83e\udd29","rel":"","context":"In &quot;Anl\u00e4sse&quot;","block_context":{"text":"Anl\u00e4sse","link":"https:\/\/beck-finkbeiner.ch\/?cat=6"},"img":{"alt_text":"","src":"https:\/\/i0.wp.com\/beck-finkbeiner.ch\/wp-content\/uploads\/2021\/04\/IMG_20210428_092110-scaled.jpg?fit=1200%2C1200&ssl=1&resize=350%2C200","width":350,"height":200,"srcset":"https:\/\/i0.wp.com\/beck-finkbeiner.ch\/wp-content\/uploads\/2021\/04\/IMG_20210428_092110-scaled.jpg?fit=1200%2C1200&ssl=1&resize=350%2C200 1x, https:\/\/i0.wp.com\/beck-finkbeiner.ch\/wp-content\/uploads\/2021\/04\/IMG_20210428_092110-scaled.jpg?fit=1200%2C1200&ssl=1&resize=525%2C300 1.5x, https:\/\/i0.wp.com\/beck-finkbeiner.ch\/wp-content\/uploads\/2021\/04\/IMG_20210428_092110-scaled.jpg?fit=1200%2C1200&ssl=1&resize=700%2C400 2x, https:\/\/i0.wp.com\/beck-finkbeiner.ch\/wp-content\/uploads\/2021\/04\/IMG_20210428_092110-scaled.jpg?fit=1200%2C1200&ssl=1&resize=1050%2C600 3x"},"classes":[]},{"id":1546,"url":"https:\/\/beck-finkbeiner.ch\/?p=1546","url_meta":{"origin":10474,"position":4},"title":"Warenmarkt Liestal","author":"Andi Finkbeiner","date":"15. August 2016","format":false,"excerpt":"Diese Woche, am Mittwoch, ist wieder M\u00e4rt in Liestal,wir begr\u00fcssen sie gerne an unserem Stand mit Sandwiches am Meter, diversen Snacks und s\u00fcssen Sachen","rel":"","context":"In &quot;Anl\u00e4sse&quot;","block_context":{"text":"Anl\u00e4sse","link":"https:\/\/beck-finkbeiner.ch\/?cat=6"},"img":{"alt_text":"","src":"","width":0,"height":0},"classes":[]},{"id":5520,"url":"https:\/\/beck-finkbeiner.ch\/?p=5520","url_meta":{"origin":10474,"position":5},"title":"Herbstmarkt in Liestal","author":"Andi Finkbeiner","date":"24. September 2019","format":false,"excerpt":"Morgen ist wieder Herbstmarkt in Liestal, wir haben wieder feine Sandwichs am Meter, gef\u00fcllte Bretzel, Berliner, Himbeerschnitten, K\u00fcrbissuppe und und und....Kommt vorbei und g\u00f6nnt euch etwas \ud83d\ude42","rel":"","context":"In &quot;Anl\u00e4sse&quot;","block_context":{"text":"Anl\u00e4sse","link":"https:\/\/beck-finkbeiner.ch\/?cat=6"},"img":{"alt_text":"","src":"https:\/\/i0.wp.com\/beck-finkbeiner.ch\/wp-content\/uploads\/2016\/05\/wp-1464166679249.jpg?fit=1200%2C675&ssl=1&resize=350%2C200","width":350,"height":200,"srcset":"https:\/\/i0.wp.com\/beck-finkbeiner.ch\/wp-content\/uploads\/2016\/05\/wp-1464166679249.jpg?fit=1200%2C675&ssl=1&resize=350%2C200 1x, https:\/\/i0.wp.com\/beck-finkbeiner.ch\/wp-content\/uploads\/2016\/05\/wp-1464166679249.jpg?fit=1200%2C675&ssl=1&resize=525%2C300 1.5x, https:\/\/i0.wp.com\/beck-finkbeiner.ch\/wp-content\/uploads\/2016\/05\/wp-1464166679249.jpg?fit=1200%2C675&ssl=1&resize=700%2C400 2x, https:\/\/i0.wp.com\/beck-finkbeiner.ch\/wp-content\/uploads\/2016\/05\/wp-1464166679249.jpg?fit=1200%2C675&ssl=1&resize=1050%2C600 3x"},"classes":[]}],"jetpack_likes_enabled":false,"_links":{"self":[{"href":"https:\/\/beck-finkbeiner.ch\/index.php?rest_route=\/wp\/v2\/posts\/10474","targetHints":{"allow":["GET"]}}],"collection":[{"href":"https:\/\/beck-finkbeiner.ch\/index.php?rest_route=\/wp\/v2\/posts"}],"about":[{"href":"https:\/\/beck-finkbeiner.ch\/index.php?rest_route=\/wp\/v2\/types\/post"}],"author":[{"embeddable":true,"href":"https:\/\/beck-finkbeiner.ch\/index.php?rest_route=\/wp\/v2\/users\/1"}],"replies":[{"embeddable":true,"href":"https:\/\/beck-finkbeiner.ch\/index.php?rest_route=%2Fwp%2Fv2%2Fcomments&post=10474"}],"version-history":[{"count":1,"href":"https:\/\/beck-finkbeiner.ch\/index.php?rest_route=\/wp\/v2\/posts\/10474\/revisions"}],"predecessor-version":[{"id":10476,"href":"https:\/\/beck-finkbeiner.ch\/index.php?rest_route=\/wp\/v2\/posts\/10474\/revisions\/10476"}],"wp:featuredmedia":[{"embeddable":true,"href":"https:\/\/beck-finkbeiner.ch\/index.php?rest_route=\/wp\/v2\/media\/10475"}],"wp:attachment":[{"href":"https:\/\/beck-finkbeiner.ch\/index.php?rest_route=%2Fwp%2Fv2%2Fmedia&parent=10474"}],"wp:term":[{"taxonomy":"category","embeddable":true,"href":"https:\/\/beck-finkbeiner.ch\/index.php?rest_route=%2Fwp%2Fv2%2Fcategories&post=10474"},{"taxonomy":"post_tag","embeddable":true,"href":"https:\/\/beck-finkbeiner.ch\/index.php?rest_route=%2Fwp%2Fv2%2Ftags&post=10474"}],"curies":[{"name":"wp","href":"https:\/\/api.w.org\/{rel}","templated":true}]}}