{"id":10465,"date":"2020-03-20T14:31:33","date_gmt":"2020-03-20T13:31:33","guid":{"rendered":"https:\/\/beck-finkbeiner.ch\/?p=10465"},"modified":"2020-03-20T14:31:33","modified_gmt":"2020-03-20T13:31:33","slug":"hamsterkaeufe","status":"publish","type":"post","link":"https:\/\/beck-finkbeiner.ch\/?p=10465","title":{"rendered":"Hamsterk\u00e4ufe"},"content":{"rendered":"\n<p class=\"wp-block-paragraph\">Liebe Kunden,<br>bei der Berechnung unserer Produktionsmengen sind wir bestrebt, dass auch Kunden die am Abend vorbeikommen noch eine gewisse Auswahl an Brot, Br\u00f6tchen und S\u00fcssgeb\u00e4ck vorfinden. In den letzten Wochen haben wir starke Schwankungen bei der Nachfrage erfahren, die uns die Planung erschweren. Je nach Einschr\u00e4nkungen der Beh\u00f6rden und Nachrichtenlage wurden wir regelrecht \u00fcberrannt mit Kunden die auf Vorrat Brot kaufen oder eben nicht.<\/p>\n\n\n\n<p class=\"wp-block-paragraph\">Unsere Lieferanten haben uns versichert, dass kein Grund zu Panikk\u00e4ufen besteht. Unsere Mehllager und die unserer M\u00fchlen sind gen\u00fcgend gef\u00fcllt. Falls tats\u00e4chlich eine Ausgangssperre ausgesprochen wird. Werden wir als Lebensmittelbetrieb immer noch f\u00fcr Sie backen und im schlimmsten Fall Ihre Eink\u00e4ufe in Zusammenarbeit mit dem Milchh\u00fcsli Liestal zu Ihnen bringen.<\/p>\n\n\n\n<p class=\"wp-block-paragraph\">Den <a href=\"https:\/\/beck-finkbeiner.ch\/?p=10402\">Einkaufsdienst<\/a> haben wir am Mittwoch geplant, lanciert und heute die ersten Bestellungen dar\u00fcber abgewickelt. Es l\u00e4uft noch nicht perfekt, aber wir sind noch am lernen und optimieren \ud83d\ude42<\/p>\n\n\n\n<p class=\"wp-block-paragraph\">Mit Freundlichen Gr\u00fcssen &amp; blibet Gsund<br>Euer Finki &#8211; Team<\/p>\n","protected":false},"excerpt":{"rendered":"<p>Liebe Kunden,bei der Berechnung unserer Produktionsmengen sind wir bestrebt, dass auch Kunden die am Abend vorbeikommen noch eine gewisse Auswahl an Brot, Br\u00f6tchen und S\u00fcssgeb\u00e4ck vorfinden. In den letzten Wochen haben wir starke Schwankungen bei der Nachfrage erfahren, die uns die Planung erschweren. Je nach Einschr\u00e4nkungen der Beh\u00f6rden und Nachrichtenlage wurden wir regelrecht \u00fcberrannt mit [&hellip;]<\/p>\n","protected":false},"author":1,"featured_media":0,"comment_status":"closed","ping_status":"closed","sticky":false,"template":"","format":"standard","meta":{"_acf_changed":false,"_crdt_document":"","ngg_post_thumbnail":0,"jetpack_post_was_ever_published":false,"_jetpack_newsletter_access":"","_jetpack_dont_email_post_to_subs":false,"_jetpack_newsletter_tier_id":0,"_jetpack_memberships_contains_paywalled_content":false,"_jetpack_memberships_contains_paid_content":false,"footnotes":"","jetpack_publicize_message":"","jetpack_publicize_feature_enabled":true,"jetpack_social_post_already_shared":true,"jetpack_social_options":{"image_generator_settings":{"template":"highway","default_image_id":0,"font":"","enabled":false},"version":2}},"categories":[1],"tags":[],"class_list":["post-10465","post","type-post","status-publish","format-standard","hentry","category-allgemein"],"acf":[],"jetpack_publicize_connections":[],"jetpack_featured_media_url":"","jetpack_sharing_enabled":true,"jetpack_shortlink":"https:\/\/wp.me\/p7b9YP-2IN","jetpack-related-posts":[{"id":1192,"url":"https:\/\/beck-finkbeiner.ch\/?p=1192","url_meta":{"origin":10465,"position":0},"title":"Kundeninfo","author":"Andi Finkbeiner","date":"19. Juni 2015","format":false,"excerpt":"Aufgrund des schlechten Wetters letztes Jahr ist Getreidequalit\u00e4t der Ernte 2014 ziemlich schlecht ausgefallen, das ist der Hauptgrund, dass wir die Mehl - Lieferungen nicht in der Qualit\u00e4t beziehen k\u00f6nnen, die unseren Erwartungen entsprechen. Die M\u00fchlen halten ihre Getreidevorr\u00e4te so, dass sie, wenn eine schlechte Ernte reinkommt, noch m\u00f6glichst lange\u2026","rel":"","context":"In &quot;Allgemein&quot;","block_context":{"text":"Allgemein","link":"https:\/\/beck-finkbeiner.ch\/?cat=1"},"img":{"alt_text":"","src":"","width":0,"height":0},"classes":[]},{"id":1117,"url":"https:\/\/beck-finkbeiner.ch\/?p=1117","url_meta":{"origin":10465,"position":1},"title":"Preisanpassung per 1. Januar 2015","author":"Andi Finkbeiner","date":"4. Dezember 2014","format":false,"excerpt":"Gesch\u00e4tzte Kunden Aufgrund diverser Kostenfaktoren sind wir gezwungen, unsere Preise etwas zu erh\u00f6hen. Mehlpreise Die Ernte im vergangenen Jahr war schlecht und musste zum Teil mit teurem Premiumweizen erg\u00e4nzt werden um die gewohnt gute Mehlqualit\u00e4t zu erhalten. Die Mehlpreise wurden demzufolge schon per 1. Dezember erh\u00f6ht. Haselnuss und Mandeln Die\u2026","rel":"","context":"In &quot;Allgemein&quot;","block_context":{"text":"Allgemein","link":"https:\/\/beck-finkbeiner.ch\/?cat=1"},"img":{"alt_text":"","src":"","width":0,"height":0},"classes":[]},{"id":10302,"url":"https:\/\/beck-finkbeiner.ch\/?p=10302","url_meta":{"origin":10465,"position":2},"title":"Coronavirus","author":"Andi Finkbeiner","date":"15. M\u00e4rz 2020","format":false,"excerpt":"Liebe Kunden,aufgrund, dass die Kantonsregierung Baselland den Notstand ausgerufen hat, m\u00fcssen wir bis auf weiteres einige einschneidende Massnahmen einf\u00fchren. Unsere Filiale in Patteln darf nur noch f\u00fcr den Verkauf ge\u00f6ffnet haben. Den Caf\u00e9-bereich m\u00fcssen wir leider geschlossen halten. In unserem Hauptgesch\u00e4ft in Liestal d\u00fcrfen wir die Tischchen ebenfalls nicht mehr\u2026","rel":"","context":"In &quot;Allgemein&quot;","block_context":{"text":"Allgemein","link":"https:\/\/beck-finkbeiner.ch\/?cat=1"},"img":{"alt_text":"","src":"https:\/\/i0.wp.com\/beck-finkbeiner.ch\/wp-content\/uploads\/2020\/03\/covid-16.jpg?fit=1200%2C800&ssl=1&resize=350%2C200","width":350,"height":200,"srcset":"https:\/\/i0.wp.com\/beck-finkbeiner.ch\/wp-content\/uploads\/2020\/03\/covid-16.jpg?fit=1200%2C800&ssl=1&resize=350%2C200 1x, https:\/\/i0.wp.com\/beck-finkbeiner.ch\/wp-content\/uploads\/2020\/03\/covid-16.jpg?fit=1200%2C800&ssl=1&resize=525%2C300 1.5x, https:\/\/i0.wp.com\/beck-finkbeiner.ch\/wp-content\/uploads\/2020\/03\/covid-16.jpg?fit=1200%2C800&ssl=1&resize=700%2C400 2x, https:\/\/i0.wp.com\/beck-finkbeiner.ch\/wp-content\/uploads\/2020\/03\/covid-16.jpg?fit=1200%2C800&ssl=1&resize=1050%2C600 3x"},"classes":[]},{"id":2857,"url":"https:\/\/beck-finkbeiner.ch\/?p=2857","url_meta":{"origin":10465,"position":3},"title":"Giftige R\u00fcckst\u00e4nde in Lebensmittel-Verpackungen &#8211; Kundeninformation","author":"Andi Finkbeiner","date":"3. Mai 2018","format":false,"excerpt":"Liebe Kundschaft im Tagesanzeiger vom 25. April 2018 und in anderen Pressemitteilungen ist ein Artikel erschienen \u00fcber giftige R\u00fcckst\u00e4nde in Lebensmittelverpackungen. Wir haben von unserem Lieferanten, der PAWI Verpackungen AG in Winterthur, eine Stellungnahme bekommen und m\u00f6chten Ihnen diese nicht vorenthalten. Kundeninformation PAWI: In dieser Woche ist in der Presse\u2026","rel":"","context":"In &quot;Presse&quot;","block_context":{"text":"Presse","link":"https:\/\/beck-finkbeiner.ch\/?cat=7"},"img":{"alt_text":"","src":"","width":0,"height":0},"classes":[]},{"id":5111,"url":"https:\/\/beck-finkbeiner.ch\/?p=5111","url_meta":{"origin":10465,"position":4},"title":"Stadtfest Liestal &#8211; Liestal fand Stadt","author":"Andi Finkbeiner","date":"11. September 2019","format":false,"excerpt":"Das Stadtfest Liestal haben wir gut gemeistert. Wir durften viele G\u00e4ste mit Kaffee und einem s\u00fcssen Dessert, einem Snack oder leckeren Suppe verk\u00f6stigen. Am Samstag wartete eine spannende Herausforderung auf uns. Zusammen mit der B\u00e4ckerei Ziegler und der Confiserie Aebischer produzierten wir mitten im St\u00e4dtli als Attraktion vom Stadtfest Liestal\u2026","rel":"","context":"In &quot;Anl\u00e4sse&quot;","block_context":{"text":"Anl\u00e4sse","link":"https:\/\/beck-finkbeiner.ch\/?cat=6"},"img":{"alt_text":"","src":"https:\/\/i0.wp.com\/beck-finkbeiner.ch\/wp-content\/uploads\/2019\/09\/2019-09-07-15.13.43.jpg?fit=675%2C1200&ssl=1&resize=350%2C200","width":350,"height":200,"srcset":"https:\/\/i0.wp.com\/beck-finkbeiner.ch\/wp-content\/uploads\/2019\/09\/2019-09-07-15.13.43.jpg?fit=675%2C1200&ssl=1&resize=350%2C200 1x, https:\/\/i0.wp.com\/beck-finkbeiner.ch\/wp-content\/uploads\/2019\/09\/2019-09-07-15.13.43.jpg?fit=675%2C1200&ssl=1&resize=525%2C300 1.5x"},"classes":[]},{"id":11949,"url":"https:\/\/beck-finkbeiner.ch\/?p=11949","url_meta":{"origin":10465,"position":5},"title":"Preisanpassungen per 1. November 2022","author":"Andi Finkbeiner","date":"31. Oktober 2022","format":false,"excerpt":"Gesch\u00e4tzte Kundinnen und Kunden Leider m\u00fcssen wir die vielen Preiserh\u00f6hungen der letzten Monate anunsere Kunden weitergeben. Preiserh\u00f6hung der Rohmaterialien Der Mehlpreis ist schon wieder gestiegen, auch einige der anderen Rohmaterialien sind in den letzten Monaten teurer geworden. Erh\u00f6hung der Energiepreise Der Strompreis wird von den Anbietern wieder massiv erh\u00f6ht. Dies\u2026","rel":"","context":"In &quot;Allgemein&quot;","block_context":{"text":"Allgemein","link":"https:\/\/beck-finkbeiner.ch\/?cat=1"},"img":{"alt_text":"","src":"https:\/\/i0.wp.com\/beck-finkbeiner.ch\/wp-content\/uploads\/2021\/07\/Finkbeiner-Schriftzug-BKC-e1626274659128.jpg?fit=500%2C273&ssl=1&resize=350%2C200","width":350,"height":200},"classes":[]}],"jetpack_likes_enabled":false,"_links":{"self":[{"href":"https:\/\/beck-finkbeiner.ch\/index.php?rest_route=\/wp\/v2\/posts\/10465","targetHints":{"allow":["GET"]}}],"collection":[{"href":"https:\/\/beck-finkbeiner.ch\/index.php?rest_route=\/wp\/v2\/posts"}],"about":[{"href":"https:\/\/beck-finkbeiner.ch\/index.php?rest_route=\/wp\/v2\/types\/post"}],"author":[{"embeddable":true,"href":"https:\/\/beck-finkbeiner.ch\/index.php?rest_route=\/wp\/v2\/users\/1"}],"replies":[{"embeddable":true,"href":"https:\/\/beck-finkbeiner.ch\/index.php?rest_route=%2Fwp%2Fv2%2Fcomments&post=10465"}],"version-history":[{"count":1,"href":"https:\/\/beck-finkbeiner.ch\/index.php?rest_route=\/wp\/v2\/posts\/10465\/revisions"}],"predecessor-version":[{"id":10466,"href":"https:\/\/beck-finkbeiner.ch\/index.php?rest_route=\/wp\/v2\/posts\/10465\/revisions\/10466"}],"wp:attachment":[{"href":"https:\/\/beck-finkbeiner.ch\/index.php?rest_route=%2Fwp%2Fv2%2Fmedia&parent=10465"}],"wp:term":[{"taxonomy":"category","embeddable":true,"href":"https:\/\/beck-finkbeiner.ch\/index.php?rest_route=%2Fwp%2Fv2%2Fcategories&post=10465"},{"taxonomy":"post_tag","embeddable":true,"href":"https:\/\/beck-finkbeiner.ch\/index.php?rest_route=%2Fwp%2Fv2%2Ftags&post=10465"}],"curies":[{"name":"wp","href":"https:\/\/api.w.org\/{rel}","templated":true}]}}